{"id":8062,"date":"2021-12-27T11:43:47","date_gmt":"2021-12-27T10:43:47","guid":{"rendered":"https:\/\/reitstall-lugge.de\/?p=8062"},"modified":"2021-12-27T11:43:47","modified_gmt":"2021-12-27T10:43:47","slug":"testpflicht-2g-ab-heute-bzw-morgen","status":"publish","type":"post","link":"https:\/\/luggenetwork.de\/lugge2\/testpflicht-2g-ab-heute-bzw-morgen\/","title":{"rendered":"Testpflicht\/2G+ ab HEUTE bzw. morgen"},"content":{"rendered":"<p>Liebe Reitsch\u00fcler und Einstaller,<\/p>\n<p>gem\u00e4\u00df der neuen Corona-Regeln, die das Land NRW kurz vor Weihnachten ver\u00f6ffentlicht hat, gelten ab sofort folgende Auflagen:<\/p>\n<ol>\n<li>Schulkinder gelten ab heute, 27.12. bis zum Ferienende am 9.1. nicht mehr als getestete Personen. Sind sie umgeimpft, so ben\u00f6tigen sie bereits HEUTE einen negativen Testnachweis (Schnelltest, nicht \u00e4lter als 24 h, oder PCR Test, max. 48 h alt).<\/li>\n<li>F\u00fcr ALLE Reiter gilt in der Reithalle ab MORGEN, 28.12. die 2G+ Regel. Das bedeutet, JEDER, der die Reithalle nutzt, muss zus\u00e4tzlich zum Nachweis seines Status als geimpft oder genesen immer einen Testnachweis haben (Schnelltest, nicht \u00e4lter als 24 h, oder PCR Test, max. 48 h alt). Bei Sch\u00fclern bis einschlie\u00dflich 17 Jahren gen\u00fcgt f\u00fcr die Sportaus\u00fcbung der Test, sie m\u00fcssen nicht zus\u00e4tzlich geimpft oder genesen sein.<\/li>\n<\/ol>\n<p>Bitte beachtet diese \u00e4u\u00dferst wichtigen Informationen und leitet sie auch an andere weiter.&nbsp;<\/p>\n<p>Euer Team des Reitstall Lugge<\/p>\n","protected":false},"excerpt":{"rendered":"<p>Liebe Reitsch\u00fcler und Einstaller, gem\u00e4\u00df der neuen Corona-Regeln, die das Land NRW kurz vor Weihnachten ver\u00f6ffentlicht hat, gelten ab sofort folgende Auflagen: Schulkinder gelten ab heute, 27.12. bis zum Ferienende am 9.1. nicht mehr als getestete Personen. Sind sie umgeimpft, so ben\u00f6tigen sie bereits HEUTE einen negativen Testnachweis (Schnelltest, nicht \u00e4lter als 24 h, oder [&hellip;]<\/p>\n","protected":false},"author":1,"featured_media":0,"comment_status":"closed","ping_status":"closed","sticky":false,"template":"","format":"aside","meta":{"inline_featured_image":false,"ngg_post_thumbnail":0,"footnotes":""},"categories":[52],"tags":[],"class_list":["post-8062","post","type-post","status-publish","format-aside","hentry","category-aktuelles","post_format-post-format-aside","post-preview"],"yoast_head":"<!-- This site is optimized with the Yoast SEO plugin v27.5 - https:\/\/yoast.com\/product\/yoast-seo-wordpress\/ -->\n<title>Testpflicht\/2G+ ab HEUTE bzw. morgen - Reitstall Lugge<\/title>\n<meta name=\"robots\" content=\"index, follow, max-snippet:-1, max-image-preview:large, max-video-preview:-1\" \/>\n<link rel=\"canonical\" href=\"https:\/\/luggenetwork.de\/lugge2\/testpflicht-2g-ab-heute-bzw-morgen\/\" \/>\n<meta property=\"og:locale\" content=\"de_DE\" \/>\n<meta property=\"og:type\" content=\"article\" \/>\n<meta property=\"og:title\" content=\"Testpflicht\/2G+ ab HEUTE bzw. morgen - Reitstall Lugge\" \/>\n<meta property=\"og:description\" content=\"Liebe Reitsch\u00fcler und Einstaller, gem\u00e4\u00df der neuen Corona-Regeln, die das Land NRW kurz vor Weihnachten ver\u00f6ffentlicht hat, gelten ab sofort folgende Auflagen: Schulkinder gelten ab heute, 27.12. bis zum Ferienende am 9.1. nicht mehr als getestete Personen. Sind sie umgeimpft, so ben\u00f6tigen sie bereits HEUTE einen negativen Testnachweis (Schnelltest, nicht \u00e4lter als 24 h, oder [&hellip;]\" \/>\n<meta property=\"og:url\" content=\"https:\/\/luggenetwork.de\/lugge2\/testpflicht-2g-ab-heute-bzw-morgen\/\" \/>\n<meta property=\"og:site_name\" content=\"Reitstall Lugge\" \/>\n<meta property=\"article:published_time\" content=\"2021-12-27T10:43:47+00:00\" \/>\n<meta name=\"author\" content=\"lisaadmin\" \/>\n<meta name=\"twitter:card\" content=\"summary_large_image\" \/>\n<meta name=\"twitter:label1\" content=\"Verfasst von\" \/>\n\t<meta name=\"twitter:data1\" content=\"lisaadmin\" \/>\n\t<meta name=\"twitter:label2\" content=\"Gesch\u00e4tzte Lesezeit\" \/>\n\t<meta name=\"twitter:data2\" content=\"1\u00a0Minute\" \/>\n<script type=\"application\/ld+json\" class=\"yoast-schema-graph\">{\"@context\":\"https:\\\/\\\/schema.org\",\"@graph\":[{\"@type\":\"Article\",\"@id\":\"https:\\\/\\\/luggenetwork.de\\\/lugge2\\\/testpflicht-2g-ab-heute-bzw-morgen\\\/#article\",\"isPartOf\":{\"@id\":\"https:\\\/\\\/luggenetwork.de\\\/lugge2\\\/testpflicht-2g-ab-heute-bzw-morgen\\\/\"},\"author\":{\"name\":\"lisaadmin\",\"@id\":\"https:\\\/\\\/luggenetwork.de\\\/lugge2\\\/#\\\/schema\\\/person\\\/bd9647e3ea0c0b902bfb696012629635\"},\"headline\":\"Testpflicht\\\/2G+ ab HEUTE bzw. morgen\",\"datePublished\":\"2021-12-27T10:43:47+00:00\",\"mainEntityOfPage\":{\"@id\":\"https:\\\/\\\/luggenetwork.de\\\/lugge2\\\/testpflicht-2g-ab-heute-bzw-morgen\\\/\"},\"wordCount\":158,\"articleSection\":[\"Aktuelles\"],\"inLanguage\":\"de\"},{\"@type\":\"WebPage\",\"@id\":\"https:\\\/\\\/luggenetwork.de\\\/lugge2\\\/testpflicht-2g-ab-heute-bzw-morgen\\\/\",\"url\":\"https:\\\/\\\/luggenetwork.de\\\/lugge2\\\/testpflicht-2g-ab-heute-bzw-morgen\\\/\",\"name\":\"Testpflicht\\\/2G+ ab HEUTE bzw. morgen - Reitstall Lugge\",\"isPartOf\":{\"@id\":\"https:\\\/\\\/luggenetwork.de\\\/lugge2\\\/#website\"},\"datePublished\":\"2021-12-27T10:43:47+00:00\",\"author\":{\"@id\":\"https:\\\/\\\/luggenetwork.de\\\/lugge2\\\/#\\\/schema\\\/person\\\/bd9647e3ea0c0b902bfb696012629635\"},\"breadcrumb\":{\"@id\":\"https:\\\/\\\/luggenetwork.de\\\/lugge2\\\/testpflicht-2g-ab-heute-bzw-morgen\\\/#breadcrumb\"},\"inLanguage\":\"de\",\"potentialAction\":[{\"@type\":\"ReadAction\",\"target\":[\"https:\\\/\\\/luggenetwork.de\\\/lugge2\\\/testpflicht-2g-ab-heute-bzw-morgen\\\/\"]}]},{\"@type\":\"BreadcrumbList\",\"@id\":\"https:\\\/\\\/luggenetwork.de\\\/lugge2\\\/testpflicht-2g-ab-heute-bzw-morgen\\\/#breadcrumb\",\"itemListElement\":[{\"@type\":\"ListItem\",\"position\":1,\"name\":\"Startseite\",\"item\":\"https:\\\/\\\/luggenetwork.de\\\/lugge2\\\/\"},{\"@type\":\"ListItem\",\"position\":2,\"name\":\"Testpflicht\\\/2G+ ab HEUTE bzw. morgen\"}]},{\"@type\":\"WebSite\",\"@id\":\"https:\\\/\\\/luggenetwork.de\\\/lugge2\\\/#website\",\"url\":\"https:\\\/\\\/luggenetwork.de\\\/lugge2\\\/\",\"name\":\"Reitstall Lugge\",\"description\":\"M\u00fclheim-D\u00fcmpten\",\"potentialAction\":[{\"@type\":\"SearchAction\",\"target\":{\"@type\":\"EntryPoint\",\"urlTemplate\":\"https:\\\/\\\/luggenetwork.de\\\/lugge2\\\/?s={search_term_string}\"},\"query-input\":{\"@type\":\"PropertyValueSpecification\",\"valueRequired\":true,\"valueName\":\"search_term_string\"}}],\"inLanguage\":\"de\"},{\"@type\":\"Person\",\"@id\":\"https:\\\/\\\/luggenetwork.de\\\/lugge2\\\/#\\\/schema\\\/person\\\/bd9647e3ea0c0b902bfb696012629635\",\"name\":\"lisaadmin\",\"image\":{\"@type\":\"ImageObject\",\"inLanguage\":\"de\",\"@id\":\"https:\\\/\\\/secure.gravatar.com\\\/avatar\\\/499f8e293a93c1e496fd32c165ec4c2dd37efe1d943adc7bd7116d6daf490278?s=96&r=g\",\"url\":\"https:\\\/\\\/secure.gravatar.com\\\/avatar\\\/499f8e293a93c1e496fd32c165ec4c2dd37efe1d943adc7bd7116d6daf490278?s=96&r=g\",\"contentUrl\":\"https:\\\/\\\/secure.gravatar.com\\\/avatar\\\/499f8e293a93c1e496fd32c165ec4c2dd37efe1d943adc7bd7116d6daf490278?s=96&r=g\",\"caption\":\"lisaadmin\"},\"sameAs\":[\"http:\\\/\\\/luggenetwork.de\"],\"url\":\"https:\\\/\\\/luggenetwork.de\\\/lugge2\\\/author\\\/lisaadmin\\\/\"}]}<\/script>\n<!-- \/ Yoast SEO plugin. -->","yoast_head_json":{"title":"Testpflicht\/2G+ ab HEUTE bzw. morgen - Reitstall Lugge","robots":{"index":"index","follow":"follow","max-snippet":"max-snippet:-1","max-image-preview":"max-image-preview:large","max-video-preview":"max-video-preview:-1"},"canonical":"https:\/\/luggenetwork.de\/lugge2\/testpflicht-2g-ab-heute-bzw-morgen\/","og_locale":"de_DE","og_type":"article","og_title":"Testpflicht\/2G+ ab HEUTE bzw. morgen - Reitstall Lugge","og_description":"Liebe Reitsch\u00fcler und Einstaller, gem\u00e4\u00df der neuen Corona-Regeln, die das Land NRW kurz vor Weihnachten ver\u00f6ffentlicht hat, gelten ab sofort folgende Auflagen: Schulkinder gelten ab heute, 27.12. bis zum Ferienende am 9.1. nicht mehr als getestete Personen. Sind sie umgeimpft, so ben\u00f6tigen sie bereits HEUTE einen negativen Testnachweis (Schnelltest, nicht \u00e4lter als 24 h, oder [&hellip;]","og_url":"https:\/\/luggenetwork.de\/lugge2\/testpflicht-2g-ab-heute-bzw-morgen\/","og_site_name":"Reitstall Lugge","article_published_time":"2021-12-27T10:43:47+00:00","author":"lisaadmin","twitter_card":"summary_large_image","twitter_misc":{"Verfasst von":"lisaadmin","Gesch\u00e4tzte Lesezeit":"1\u00a0Minute"},"schema":{"@context":"https:\/\/schema.org","@graph":[{"@type":"Article","@id":"https:\/\/luggenetwork.de\/lugge2\/testpflicht-2g-ab-heute-bzw-morgen\/#article","isPartOf":{"@id":"https:\/\/luggenetwork.de\/lugge2\/testpflicht-2g-ab-heute-bzw-morgen\/"},"author":{"name":"lisaadmin","@id":"https:\/\/luggenetwork.de\/lugge2\/#\/schema\/person\/bd9647e3ea0c0b902bfb696012629635"},"headline":"Testpflicht\/2G+ ab HEUTE bzw. morgen","datePublished":"2021-12-27T10:43:47+00:00","mainEntityOfPage":{"@id":"https:\/\/luggenetwork.de\/lugge2\/testpflicht-2g-ab-heute-bzw-morgen\/"},"wordCount":158,"articleSection":["Aktuelles"],"inLanguage":"de"},{"@type":"WebPage","@id":"https:\/\/luggenetwork.de\/lugge2\/testpflicht-2g-ab-heute-bzw-morgen\/","url":"https:\/\/luggenetwork.de\/lugge2\/testpflicht-2g-ab-heute-bzw-morgen\/","name":"Testpflicht\/2G+ ab HEUTE bzw. morgen - Reitstall Lugge","isPartOf":{"@id":"https:\/\/luggenetwork.de\/lugge2\/#website"},"datePublished":"2021-12-27T10:43:47+00:00","author":{"@id":"https:\/\/luggenetwork.de\/lugge2\/#\/schema\/person\/bd9647e3ea0c0b902bfb696012629635"},"breadcrumb":{"@id":"https:\/\/luggenetwork.de\/lugge2\/testpflicht-2g-ab-heute-bzw-morgen\/#breadcrumb"},"inLanguage":"de","potentialAction":[{"@type":"ReadAction","target":["https:\/\/luggenetwork.de\/lugge2\/testpflicht-2g-ab-heute-bzw-morgen\/"]}]},{"@type":"BreadcrumbList","@id":"https:\/\/luggenetwork.de\/lugge2\/testpflicht-2g-ab-heute-bzw-morgen\/#breadcrumb","itemListElement":[{"@type":"ListItem","position":1,"name":"Startseite","item":"https:\/\/luggenetwork.de\/lugge2\/"},{"@type":"ListItem","position":2,"name":"Testpflicht\/2G+ ab HEUTE bzw. morgen"}]},{"@type":"WebSite","@id":"https:\/\/luggenetwork.de\/lugge2\/#website","url":"https:\/\/luggenetwork.de\/lugge2\/","name":"Reitstall Lugge","description":"M\u00fclheim-D\u00fcmpten","potentialAction":[{"@type":"SearchAction","target":{"@type":"EntryPoint","urlTemplate":"https:\/\/luggenetwork.de\/lugge2\/?s={search_term_string}"},"query-input":{"@type":"PropertyValueSpecification","valueRequired":true,"valueName":"search_term_string"}}],"inLanguage":"de"},{"@type":"Person","@id":"https:\/\/luggenetwork.de\/lugge2\/#\/schema\/person\/bd9647e3ea0c0b902bfb696012629635","name":"lisaadmin","image":{"@type":"ImageObject","inLanguage":"de","@id":"https:\/\/secure.gravatar.com\/avatar\/499f8e293a93c1e496fd32c165ec4c2dd37efe1d943adc7bd7116d6daf490278?s=96&r=g","url":"https:\/\/secure.gravatar.com\/avatar\/499f8e293a93c1e496fd32c165ec4c2dd37efe1d943adc7bd7116d6daf490278?s=96&r=g","contentUrl":"https:\/\/secure.gravatar.com\/avatar\/499f8e293a93c1e496fd32c165ec4c2dd37efe1d943adc7bd7116d6daf490278?s=96&r=g","caption":"lisaadmin"},"sameAs":["http:\/\/luggenetwork.de"],"url":"https:\/\/luggenetwork.de\/lugge2\/author\/lisaadmin\/"}]}},"_links":{"self":[{"href":"https:\/\/luggenetwork.de\/lugge2\/wp-json\/wp\/v2\/posts\/8062","targetHints":{"allow":["GET"]}}],"collection":[{"href":"https:\/\/luggenetwork.de\/lugge2\/wp-json\/wp\/v2\/posts"}],"about":[{"href":"https:\/\/luggenetwork.de\/lugge2\/wp-json\/wp\/v2\/types\/post"}],"author":[{"embeddable":true,"href":"https:\/\/luggenetwork.de\/lugge2\/wp-json\/wp\/v2\/users\/1"}],"replies":[{"embeddable":true,"href":"https:\/\/luggenetwork.de\/lugge2\/wp-json\/wp\/v2\/comments?post=8062"}],"version-history":[{"count":1,"href":"https:\/\/luggenetwork.de\/lugge2\/wp-json\/wp\/v2\/posts\/8062\/revisions"}],"predecessor-version":[{"id":8063,"href":"https:\/\/luggenetwork.de\/lugge2\/wp-json\/wp\/v2\/posts\/8062\/revisions\/8063"}],"wp:attachment":[{"href":"https:\/\/luggenetwork.de\/lugge2\/wp-json\/wp\/v2\/media?parent=8062"}],"wp:term":[{"taxonomy":"category","embeddable":true,"href":"https:\/\/luggenetwork.de\/lugge2\/wp-json\/wp\/v2\/categories?post=8062"},{"taxonomy":"post_tag","embeddable":true,"href":"https:\/\/luggenetwork.de\/lugge2\/wp-json\/wp\/v2\/tags?post=8062"}],"curies":[{"name":"wp","href":"https:\/\/api.w.org\/{rel}","templated":true}]}}