{"id":7933,"date":"2021-02-21T00:23:38","date_gmt":"2021-02-20T23:23:38","guid":{"rendered":"https:\/\/reitstall-lugge.de\/?p=7933"},"modified":"2021-02-23T21:51:49","modified_gmt":"2021-02-23T20:51:49","slug":"es-geht-wieder-los-2","status":"publish","type":"post","link":"https:\/\/luggenetwork.de\/lugge2\/es-geht-wieder-los-2\/","title":{"rendered":"Fr\u00fchling 2021: Es geht endlich wieder los&#8230;."},"content":{"rendered":"<h5><span style=\"color: #000000;\">Nach dem erneuten Lockdown sehnen sich alle wieder nach Reitunterricht und Training. Nun gab es endlich gute Nachrichten f\u00fcr alle Reiter: Die neue <a href=\"https:\/\/www.psvr-online.de\/86-newsticker\/2160-neue-corona-regelung-einzelunterricht-im-freien-ab-22-02-wieder-erlaubt.html\">Coronaschutzverordnung<\/a> erlaubt ab dem 22. Februar wieder Einzelunterricht und Training unter freiem Himmel.<\/span><\/h5>\n<h5>Auch am Reitstall Lugge geht es nun endlich wieder los &#8211; nat\u00fcrlich immer unter Einhaltung aller Hygieneregeln.&nbsp;Hier k\u00f6nnt Ihr Euch stets \u00fcber die aktuellen Angebote und Anmeldem\u00f6glichkeiten informieren:<\/h5>\n<p>Ab Samstag, den 27. Februar, startet das beliebte <strong><a href=\"https:\/\/reitstall-lugge.de\/angebote\/bambinireiten\/\">Bambinireiten<\/a> <\/strong>f\u00fcr unsere kleinsten Pferdefreunde (ab 3 Jahren) in die neue Saison. Interessenten k\u00f6nnen sich sehr gern per Email melden:<strong> <a href=\"mailto:bambinireiten@reitstall-lugge.de\">bambinireiten@reitstall-lugge.de<\/a><\/strong><\/p>\n<p>Ab Montag, den 22. Februar, k\u00f6nnen wir unseren Reitsch\u00fclern bei gutem Wetter <strong>Einzelunterricht<\/strong> auf den Reitpl\u00e4tzen anbieten. Eine halbe Stunde individueller Reitunterricht auf einem Schulpferd\/-pony kosten 45 \u20ac. Wer Interesse hat, kann uns eine Email mit seinen W\u00fcnschen (m\u00f6gliche Wochentage, Lieblingspferde\/-ponies) schreiben &#8211; wir melden uns dann mit weiteren Informationen und vergeben die Pl\u00e4tze nach Verf\u00fcgbarkeit: <strong><a href=\"mailto:reiten@reitstall-lugge.de\">reiten@reitstall-lugge.de<\/a><\/strong>.&nbsp;<\/p>\n<p>Aufgrund der hohen Nachfrage im vergangenen Jahr m\u00f6chten wir erneut unser <strong>&#8222;Turniervorbereitungstraining&#8220;<\/strong> anbieten. Im letzten halben Jahr hatten die Amateurreiter keine M\u00f6glichkeit, Pr\u00fcfungen zu reiten. Als Vorbereitung auf die anstehende Turniersaison bieten wir deshalb f\u00fcr alle Klassen das Reiten einer Aufgabe unter Bedingungen wie beim Turnier an, d.h. mit Turnierkleidung im Dressurviereck mit Beschallung und Ansage. Auf Wunsch gibt es eine R\u00fcckmeldung und die M\u00f6glichkeit zur Korrektur. Der erste Termin hierf\u00fcr ist <strong>Samstag, der 27. Februar,<\/strong> abh\u00e4ngig von der Nachfrage werden wir laufend weitere Termine anbieten. Pro Pferd sind 35 \u20ac zu entrichten. Jeder Reiter darf maximal einen Helfer mitbringen, dies darf auch gern der eigene Reitlehrer sein. Zuschauer sind nicht zugelassen. Bitte teilt uns mit, ob Ihr am Vormittag (10-13 Uhr) oder am Nachmittag (13-16 Uhr) reiten m\u00f6chtet, wir teilen Euch dann die genaue Startzeit sowie die Zeit auf dem Abreiteplatz und die Hygieneregeln f\u00fcr den Tag mit. Schreibt uns eine Email mit Eurem Namen, dem Namen des Pferds, Klasse, und Aufgabe an<strong> <a href=\"mailto:turniertraining@reitstall-lugge.de\">turniertraining@reitstall-lugge.de<\/a><\/strong>.<\/p>\n<p>Alle unsere Angebote \u00fcberpr\u00fcfen wir laufend dahingehend, dass sie stets mit allen geltenden Corona-Auflagen in Einklang stehen. Kurzfristige \u00c4nderungen und Absagen sind deshalb vorbehalten. Ihr seid selbst daf\u00fcr verantwortlich, dass Euer eigenes Verhalten&nbsp; (z.B. Anreise zum Stall, Verhalten auf dem Gel\u00e4nde und um das Gel\u00e4nde herum, Meldepflicht bei Erkrankung oder Quarant\u00e4ne) stets den lokalen Vorgaben entspricht.&nbsp;<\/p>\n<p>Haltet Euch auf dem Laufenden, indem Ihr uns auf <strong><a href=\"https:\/\/www.facebook.com\/ReitstallLugge\">Facebook<\/a> <\/strong>oder <strong><a href=\"https:\/\/www.instagram.com\/reitstall_lugge\/\">Instagram<\/a> <\/strong>folgt.<\/p>\n<p><strong><em>Vorank\u00fcndigung<\/em><\/strong>: Falls die Pandemieentwicklung es zul\u00e4sst, wird es in diesem Jahr wieder einen <strong>Springlehrgang mit Frank Lugge am Osterwochenende<\/strong> geben. Interessenten k\u00f6nnen sich per Email vormerken lassen:<strong> <a href=\"mailto:springlehrgang@reitstall-lugge.de\">springlehrgang@reitstall-lugge.de<\/a><\/strong>.<\/p>\n","protected":false},"excerpt":{"rendered":"<p>Nach dem erneuten Lockdown sehnen sich alle wieder nach Reitunterricht und Training. Nun gab es endlich gute Nachrichten f\u00fcr alle Reiter: Die neue Coronaschutzverordnung erlaubt ab dem 22. Februar wieder Einzelunterricht und Training unter freiem Himmel. Auch am Reitstall Lugge geht es nun endlich wieder los &#8211; nat\u00fcrlich immer unter Einhaltung aller Hygieneregeln.&nbsp;Hier k\u00f6nnt Ihr [&hellip;]<\/p>\n","protected":false},"author":1,"featured_media":0,"comment_status":"closed","ping_status":"closed","sticky":false,"template":"","format":"aside","meta":{"inline_featured_image":false,"ngg_post_thumbnail":0,"footnotes":""},"categories":[52],"tags":[],"class_list":["post-7933","post","type-post","status-publish","format-aside","hentry","category-aktuelles","post_format-post-format-aside","post-preview"],"yoast_head":"<!-- This site is optimized with the Yoast SEO plugin v27.5 - https:\/\/yoast.com\/product\/yoast-seo-wordpress\/ -->\n<title>Fr\u00fchling 2021: Es geht endlich wieder los.... - Reitstall Lugge<\/title>\n<meta name=\"robots\" content=\"index, follow, max-snippet:-1, max-image-preview:large, max-video-preview:-1\" \/>\n<link rel=\"canonical\" href=\"https:\/\/luggenetwork.de\/lugge2\/es-geht-wieder-los-2\/\" \/>\n<meta property=\"og:locale\" content=\"de_DE\" \/>\n<meta property=\"og:type\" content=\"article\" \/>\n<meta property=\"og:title\" content=\"Fr\u00fchling 2021: Es geht endlich wieder los.... - Reitstall Lugge\" \/>\n<meta property=\"og:description\" content=\"Nach dem erneuten Lockdown sehnen sich alle wieder nach Reitunterricht und Training. Nun gab es endlich gute Nachrichten f\u00fcr alle Reiter: Die neue Coronaschutzverordnung erlaubt ab dem 22. Februar wieder Einzelunterricht und Training unter freiem Himmel. Auch am Reitstall Lugge geht es nun endlich wieder los &#8211; nat\u00fcrlich immer unter Einhaltung aller Hygieneregeln.&nbsp;Hier k\u00f6nnt Ihr [&hellip;]\" \/>\n<meta property=\"og:url\" content=\"https:\/\/luggenetwork.de\/lugge2\/es-geht-wieder-los-2\/\" \/>\n<meta property=\"og:site_name\" content=\"Reitstall Lugge\" \/>\n<meta property=\"article:published_time\" content=\"2021-02-20T23:23:38+00:00\" \/>\n<meta property=\"article:modified_time\" content=\"2021-02-23T20:51:49+00:00\" \/>\n<meta name=\"author\" content=\"lisaadmin\" \/>\n<meta name=\"twitter:card\" content=\"summary_large_image\" \/>\n<meta name=\"twitter:label1\" content=\"Verfasst von\" \/>\n\t<meta name=\"twitter:data1\" content=\"lisaadmin\" \/>\n\t<meta name=\"twitter:label2\" content=\"Gesch\u00e4tzte Lesezeit\" \/>\n\t<meta name=\"twitter:data2\" content=\"2\u00a0Minuten\" \/>\n<script type=\"application\/ld+json\" class=\"yoast-schema-graph\">{\"@context\":\"https:\\\/\\\/schema.org\",\"@graph\":[{\"@type\":\"Article\",\"@id\":\"https:\\\/\\\/luggenetwork.de\\\/lugge2\\\/es-geht-wieder-los-2\\\/#article\",\"isPartOf\":{\"@id\":\"https:\\\/\\\/luggenetwork.de\\\/lugge2\\\/es-geht-wieder-los-2\\\/\"},\"author\":{\"name\":\"lisaadmin\",\"@id\":\"https:\\\/\\\/luggenetwork.de\\\/lugge2\\\/#\\\/schema\\\/person\\\/bd9647e3ea0c0b902bfb696012629635\"},\"headline\":\"Fr\u00fchling 2021: Es geht endlich wieder los&#8230;.\",\"datePublished\":\"2021-02-20T23:23:38+00:00\",\"dateModified\":\"2021-02-23T20:51:49+00:00\",\"mainEntityOfPage\":{\"@id\":\"https:\\\/\\\/luggenetwork.de\\\/lugge2\\\/es-geht-wieder-los-2\\\/\"},\"wordCount\":458,\"articleSection\":[\"Aktuelles\"],\"inLanguage\":\"de\"},{\"@type\":\"WebPage\",\"@id\":\"https:\\\/\\\/luggenetwork.de\\\/lugge2\\\/es-geht-wieder-los-2\\\/\",\"url\":\"https:\\\/\\\/luggenetwork.de\\\/lugge2\\\/es-geht-wieder-los-2\\\/\",\"name\":\"Fr\u00fchling 2021: Es geht endlich wieder los.... - Reitstall Lugge\",\"isPartOf\":{\"@id\":\"https:\\\/\\\/luggenetwork.de\\\/lugge2\\\/#website\"},\"datePublished\":\"2021-02-20T23:23:38+00:00\",\"dateModified\":\"2021-02-23T20:51:49+00:00\",\"author\":{\"@id\":\"https:\\\/\\\/luggenetwork.de\\\/lugge2\\\/#\\\/schema\\\/person\\\/bd9647e3ea0c0b902bfb696012629635\"},\"breadcrumb\":{\"@id\":\"https:\\\/\\\/luggenetwork.de\\\/lugge2\\\/es-geht-wieder-los-2\\\/#breadcrumb\"},\"inLanguage\":\"de\",\"potentialAction\":[{\"@type\":\"ReadAction\",\"target\":[\"https:\\\/\\\/luggenetwork.de\\\/lugge2\\\/es-geht-wieder-los-2\\\/\"]}]},{\"@type\":\"BreadcrumbList\",\"@id\":\"https:\\\/\\\/luggenetwork.de\\\/lugge2\\\/es-geht-wieder-los-2\\\/#breadcrumb\",\"itemListElement\":[{\"@type\":\"ListItem\",\"position\":1,\"name\":\"Startseite\",\"item\":\"https:\\\/\\\/luggenetwork.de\\\/lugge2\\\/\"},{\"@type\":\"ListItem\",\"position\":2,\"name\":\"Fr\u00fchling 2021: Es geht endlich wieder los&#8230;.\"}]},{\"@type\":\"WebSite\",\"@id\":\"https:\\\/\\\/luggenetwork.de\\\/lugge2\\\/#website\",\"url\":\"https:\\\/\\\/luggenetwork.de\\\/lugge2\\\/\",\"name\":\"Reitstall Lugge\",\"description\":\"M\u00fclheim-D\u00fcmpten\",\"potentialAction\":[{\"@type\":\"SearchAction\",\"target\":{\"@type\":\"EntryPoint\",\"urlTemplate\":\"https:\\\/\\\/luggenetwork.de\\\/lugge2\\\/?s={search_term_string}\"},\"query-input\":{\"@type\":\"PropertyValueSpecification\",\"valueRequired\":true,\"valueName\":\"search_term_string\"}}],\"inLanguage\":\"de\"},{\"@type\":\"Person\",\"@id\":\"https:\\\/\\\/luggenetwork.de\\\/lugge2\\\/#\\\/schema\\\/person\\\/bd9647e3ea0c0b902bfb696012629635\",\"name\":\"lisaadmin\",\"image\":{\"@type\":\"ImageObject\",\"inLanguage\":\"de\",\"@id\":\"https:\\\/\\\/secure.gravatar.com\\\/avatar\\\/499f8e293a93c1e496fd32c165ec4c2dd37efe1d943adc7bd7116d6daf490278?s=96&r=g\",\"url\":\"https:\\\/\\\/secure.gravatar.com\\\/avatar\\\/499f8e293a93c1e496fd32c165ec4c2dd37efe1d943adc7bd7116d6daf490278?s=96&r=g\",\"contentUrl\":\"https:\\\/\\\/secure.gravatar.com\\\/avatar\\\/499f8e293a93c1e496fd32c165ec4c2dd37efe1d943adc7bd7116d6daf490278?s=96&r=g\",\"caption\":\"lisaadmin\"},\"sameAs\":[\"http:\\\/\\\/luggenetwork.de\"],\"url\":\"https:\\\/\\\/luggenetwork.de\\\/lugge2\\\/author\\\/lisaadmin\\\/\"}]}<\/script>\n<!-- \/ Yoast SEO plugin. -->","yoast_head_json":{"title":"Fr\u00fchling 2021: Es geht endlich wieder los.... - Reitstall Lugge","robots":{"index":"index","follow":"follow","max-snippet":"max-snippet:-1","max-image-preview":"max-image-preview:large","max-video-preview":"max-video-preview:-1"},"canonical":"https:\/\/luggenetwork.de\/lugge2\/es-geht-wieder-los-2\/","og_locale":"de_DE","og_type":"article","og_title":"Fr\u00fchling 2021: Es geht endlich wieder los.... - Reitstall Lugge","og_description":"Nach dem erneuten Lockdown sehnen sich alle wieder nach Reitunterricht und Training. Nun gab es endlich gute Nachrichten f\u00fcr alle Reiter: Die neue Coronaschutzverordnung erlaubt ab dem 22. Februar wieder Einzelunterricht und Training unter freiem Himmel. Auch am Reitstall Lugge geht es nun endlich wieder los &#8211; nat\u00fcrlich immer unter Einhaltung aller Hygieneregeln.&nbsp;Hier k\u00f6nnt Ihr [&hellip;]","og_url":"https:\/\/luggenetwork.de\/lugge2\/es-geht-wieder-los-2\/","og_site_name":"Reitstall Lugge","article_published_time":"2021-02-20T23:23:38+00:00","article_modified_time":"2021-02-23T20:51:49+00:00","author":"lisaadmin","twitter_card":"summary_large_image","twitter_misc":{"Verfasst von":"lisaadmin","Gesch\u00e4tzte Lesezeit":"2\u00a0Minuten"},"schema":{"@context":"https:\/\/schema.org","@graph":[{"@type":"Article","@id":"https:\/\/luggenetwork.de\/lugge2\/es-geht-wieder-los-2\/#article","isPartOf":{"@id":"https:\/\/luggenetwork.de\/lugge2\/es-geht-wieder-los-2\/"},"author":{"name":"lisaadmin","@id":"https:\/\/luggenetwork.de\/lugge2\/#\/schema\/person\/bd9647e3ea0c0b902bfb696012629635"},"headline":"Fr\u00fchling 2021: Es geht endlich wieder los&#8230;.","datePublished":"2021-02-20T23:23:38+00:00","dateModified":"2021-02-23T20:51:49+00:00","mainEntityOfPage":{"@id":"https:\/\/luggenetwork.de\/lugge2\/es-geht-wieder-los-2\/"},"wordCount":458,"articleSection":["Aktuelles"],"inLanguage":"de"},{"@type":"WebPage","@id":"https:\/\/luggenetwork.de\/lugge2\/es-geht-wieder-los-2\/","url":"https:\/\/luggenetwork.de\/lugge2\/es-geht-wieder-los-2\/","name":"Fr\u00fchling 2021: Es geht endlich wieder los.... - Reitstall Lugge","isPartOf":{"@id":"https:\/\/luggenetwork.de\/lugge2\/#website"},"datePublished":"2021-02-20T23:23:38+00:00","dateModified":"2021-02-23T20:51:49+00:00","author":{"@id":"https:\/\/luggenetwork.de\/lugge2\/#\/schema\/person\/bd9647e3ea0c0b902bfb696012629635"},"breadcrumb":{"@id":"https:\/\/luggenetwork.de\/lugge2\/es-geht-wieder-los-2\/#breadcrumb"},"inLanguage":"de","potentialAction":[{"@type":"ReadAction","target":["https:\/\/luggenetwork.de\/lugge2\/es-geht-wieder-los-2\/"]}]},{"@type":"BreadcrumbList","@id":"https:\/\/luggenetwork.de\/lugge2\/es-geht-wieder-los-2\/#breadcrumb","itemListElement":[{"@type":"ListItem","position":1,"name":"Startseite","item":"https:\/\/luggenetwork.de\/lugge2\/"},{"@type":"ListItem","position":2,"name":"Fr\u00fchling 2021: Es geht endlich wieder los&#8230;."}]},{"@type":"WebSite","@id":"https:\/\/luggenetwork.de\/lugge2\/#website","url":"https:\/\/luggenetwork.de\/lugge2\/","name":"Reitstall Lugge","description":"M\u00fclheim-D\u00fcmpten","potentialAction":[{"@type":"SearchAction","target":{"@type":"EntryPoint","urlTemplate":"https:\/\/luggenetwork.de\/lugge2\/?s={search_term_string}"},"query-input":{"@type":"PropertyValueSpecification","valueRequired":true,"valueName":"search_term_string"}}],"inLanguage":"de"},{"@type":"Person","@id":"https:\/\/luggenetwork.de\/lugge2\/#\/schema\/person\/bd9647e3ea0c0b902bfb696012629635","name":"lisaadmin","image":{"@type":"ImageObject","inLanguage":"de","@id":"https:\/\/secure.gravatar.com\/avatar\/499f8e293a93c1e496fd32c165ec4c2dd37efe1d943adc7bd7116d6daf490278?s=96&r=g","url":"https:\/\/secure.gravatar.com\/avatar\/499f8e293a93c1e496fd32c165ec4c2dd37efe1d943adc7bd7116d6daf490278?s=96&r=g","contentUrl":"https:\/\/secure.gravatar.com\/avatar\/499f8e293a93c1e496fd32c165ec4c2dd37efe1d943adc7bd7116d6daf490278?s=96&r=g","caption":"lisaadmin"},"sameAs":["http:\/\/luggenetwork.de"],"url":"https:\/\/luggenetwork.de\/lugge2\/author\/lisaadmin\/"}]}},"_links":{"self":[{"href":"https:\/\/luggenetwork.de\/lugge2\/wp-json\/wp\/v2\/posts\/7933","targetHints":{"allow":["GET"]}}],"collection":[{"href":"https:\/\/luggenetwork.de\/lugge2\/wp-json\/wp\/v2\/posts"}],"about":[{"href":"https:\/\/luggenetwork.de\/lugge2\/wp-json\/wp\/v2\/types\/post"}],"author":[{"embeddable":true,"href":"https:\/\/luggenetwork.de\/lugge2\/wp-json\/wp\/v2\/users\/1"}],"replies":[{"embeddable":true,"href":"https:\/\/luggenetwork.de\/lugge2\/wp-json\/wp\/v2\/comments?post=7933"}],"version-history":[{"count":9,"href":"https:\/\/luggenetwork.de\/lugge2\/wp-json\/wp\/v2\/posts\/7933\/revisions"}],"predecessor-version":[{"id":7947,"href":"https:\/\/luggenetwork.de\/lugge2\/wp-json\/wp\/v2\/posts\/7933\/revisions\/7947"}],"wp:attachment":[{"href":"https:\/\/luggenetwork.de\/lugge2\/wp-json\/wp\/v2\/media?parent=7933"}],"wp:term":[{"taxonomy":"category","embeddable":true,"href":"https:\/\/luggenetwork.de\/lugge2\/wp-json\/wp\/v2\/categories?post=7933"},{"taxonomy":"post_tag","embeddable":true,"href":"https:\/\/luggenetwork.de\/lugge2\/wp-json\/wp\/v2\/tags?post=7933"}],"curies":[{"name":"wp","href":"https:\/\/api.w.org\/{rel}","templated":true}]}}