{"id":6231,"date":"2017-08-21T16:50:26","date_gmt":"2017-08-21T14:50:26","guid":{"rendered":"https:\/\/www.reitstall-lugge.de\/?p=6231"},"modified":"2017-08-28T20:54:05","modified_gmt":"2017-08-28T18:54:05","slug":"zeltlager-rufv-2017","status":"publish","type":"post","link":"https:\/\/luggenetwork.de\/lugge2\/zeltlager-rufv-2017\/","title":{"rendered":"Zeltlager RuFV 2017"},"content":{"rendered":"<h2><a href=\"https:\/\/www.reitstall-lugge.de\/wp-content\/uploads\/2017\/08\/IMG_0042.jpg\" target=\"_blank\" rel=\"noopener\"><img loading=\"lazy\" decoding=\"async\" class=\"artikelbild alignleft wp-image-6232 size-medium\" src=\"https:\/\/www.reitstall-lugge.de\/wp-content\/uploads\/2017\/08\/IMG_0042-226x300.jpg\" alt=\"\" height=\"300\" width=\"226\" srcset=\"https:\/\/luggenetwork.de\/lugge2\/wp-content\/uploads\/sites\/3\/2017\/08\/IMG_0042-226x300.jpg 226w, https:\/\/luggenetwork.de\/lugge2\/wp-content\/uploads\/sites\/3\/2017\/08\/IMG_0042-768x1021.jpg 768w, https:\/\/luggenetwork.de\/lugge2\/wp-content\/uploads\/sites\/3\/2017\/08\/IMG_0042-770x1024.jpg 770w, https:\/\/luggenetwork.de\/lugge2\/wp-content\/uploads\/sites\/3\/2017\/08\/IMG_0042.jpg 963w\" sizes=\"auto, (max-width: 226px) 100vw, 226px\" \/><\/a>Die Vereinsjugend zeltet&#8230;<br \/>\nUnd die Helfer grillen!<\/h2>\n<h4>Wie jedes Jahr wollen wir mit unserer Vereinsjugend wieder einen tollen Abend im Zeltlager verbringen.<\/h4>\n<p>Vom Samstag, 2. September bis zum Sonntag 3. September schlagen wir wieder die Zeltheringe ein.<\/p>\n<p>Wie schon in den vergangenen Jahren wird auch diesmal beim Zeltlager unser &#8222;Helfergrillen&#8220; stattfinden. Und nein, wir grillen nicht die Helfer, sondern sagen von Herzen <strong>Dankesch\u00f6n f\u00fcr die Unterst\u00fctzung und Hilfe beim Maiturnier!<\/strong><\/p>\n<p>Passend zum Lager gibt es wieder T-Shirts, die ihr bitte bei Martina Capanna oder Svenja Passiepen bestellen k\u00f6nnt.<\/p>\n<p>Weitere Details oben im Bild und nat\u00fcrlich wie immer am Aushang im kleinen Stall an der Pinnwand.<\/p>\n<p>&nbsp;<\/p>\n<p>&nbsp;<\/p>\n","protected":false},"excerpt":{"rendered":"<p>Die Vereinsjugend zeltet&#8230; Und die Helfer grillen! Wie jedes Jahr wollen wir mit unserer Vereinsjugend wieder einen tollen Abend im Zeltlager verbringen. Vom Samstag, 2. September bis zum Sonntag 3. September schlagen wir wieder die Zeltheringe ein. Wie schon in den vergangenen Jahren wird auch diesmal beim Zeltlager unser &#8222;Helfergrillen&#8220; stattfinden. Und nein, wir grillen [&hellip;]<\/p>\n","protected":false},"author":1,"featured_media":0,"comment_status":"closed","ping_status":"closed","sticky":false,"template":"","format":"standard","meta":{"inline_featured_image":false,"ngg_post_thumbnail":0,"footnotes":""},"categories":[52],"tags":[75,17,41,22,66],"class_list":["post-6231","post","type-post","status-publish","format-standard","hentry","category-aktuelles","tag-jugendzeltlager","tag-lugge","tag-rfv-hexbachtal","tag-ruf-hexbachtal","tag-zeltlager","post-preview"],"yoast_head":"<!-- This site is optimized with the Yoast SEO plugin v27.4 - https:\/\/yoast.com\/product\/yoast-seo-wordpress\/ -->\n<title>Zeltlager RuFV 2017 - Reitstall Lugge<\/title>\n<meta name=\"robots\" content=\"index, follow, max-snippet:-1, max-image-preview:large, max-video-preview:-1\" \/>\n<link rel=\"canonical\" href=\"https:\/\/luggenetwork.de\/lugge2\/zeltlager-rufv-2017\/\" \/>\n<meta property=\"og:locale\" content=\"de_DE\" \/>\n<meta property=\"og:type\" content=\"article\" \/>\n<meta property=\"og:title\" content=\"Zeltlager RuFV 2017 - Reitstall Lugge\" \/>\n<meta property=\"og:description\" content=\"Die Vereinsjugend zeltet&#8230; Und die Helfer grillen! Wie jedes Jahr wollen wir mit unserer Vereinsjugend wieder einen tollen Abend im Zeltlager verbringen. Vom Samstag, 2. September bis zum Sonntag 3. September schlagen wir wieder die Zeltheringe ein. Wie schon in den vergangenen Jahren wird auch diesmal beim Zeltlager unser &#8222;Helfergrillen&#8220; stattfinden. Und nein, wir grillen [&hellip;]\" \/>\n<meta property=\"og:url\" content=\"https:\/\/luggenetwork.de\/lugge2\/zeltlager-rufv-2017\/\" \/>\n<meta property=\"og:site_name\" content=\"Reitstall Lugge\" \/>\n<meta property=\"article:published_time\" content=\"2017-08-21T14:50:26+00:00\" \/>\n<meta property=\"article:modified_time\" content=\"2017-08-28T18:54:05+00:00\" \/>\n<meta property=\"og:image\" content=\"https:\/\/www.reitstall-lugge.de\/wp-content\/uploads\/2017\/08\/IMG_0042-226x300.jpg\" \/>\n<meta name=\"author\" content=\"lisaadmin\" \/>\n<meta name=\"twitter:card\" content=\"summary_large_image\" \/>\n<meta name=\"twitter:label1\" content=\"Verfasst von\" \/>\n\t<meta name=\"twitter:data1\" content=\"lisaadmin\" \/>\n\t<meta name=\"twitter:label2\" content=\"Gesch\u00e4tzte Lesezeit\" \/>\n\t<meta name=\"twitter:data2\" content=\"1\u00a0Minute\" \/>\n<script type=\"application\/ld+json\" class=\"yoast-schema-graph\">{\"@context\":\"https:\\\/\\\/schema.org\",\"@graph\":[{\"@type\":\"Article\",\"@id\":\"https:\\\/\\\/luggenetwork.de\\\/lugge2\\\/zeltlager-rufv-2017\\\/#article\",\"isPartOf\":{\"@id\":\"https:\\\/\\\/luggenetwork.de\\\/lugge2\\\/zeltlager-rufv-2017\\\/\"},\"author\":{\"name\":\"lisaadmin\",\"@id\":\"https:\\\/\\\/luggenetwork.de\\\/lugge2\\\/#\\\/schema\\\/person\\\/bd9647e3ea0c0b902bfb696012629635\"},\"headline\":\"Zeltlager RuFV 2017\",\"datePublished\":\"2017-08-21T14:50:26+00:00\",\"dateModified\":\"2017-08-28T18:54:05+00:00\",\"mainEntityOfPage\":{\"@id\":\"https:\\\/\\\/luggenetwork.de\\\/lugge2\\\/zeltlager-rufv-2017\\\/\"},\"wordCount\":112,\"image\":{\"@id\":\"https:\\\/\\\/luggenetwork.de\\\/lugge2\\\/zeltlager-rufv-2017\\\/#primaryimage\"},\"thumbnailUrl\":\"https:\\\/\\\/www.reitstall-lugge.de\\\/wp-content\\\/uploads\\\/2017\\\/08\\\/IMG_0042-226x300.jpg\",\"keywords\":[\"Jugendzeltlager\",\"Lugge\",\"rfv hexbachtal\",\"Ruf Hexbachtal\",\"Zeltlager\"],\"articleSection\":[\"Aktuelles\"],\"inLanguage\":\"de\"},{\"@type\":\"WebPage\",\"@id\":\"https:\\\/\\\/luggenetwork.de\\\/lugge2\\\/zeltlager-rufv-2017\\\/\",\"url\":\"https:\\\/\\\/luggenetwork.de\\\/lugge2\\\/zeltlager-rufv-2017\\\/\",\"name\":\"Zeltlager RuFV 2017 - Reitstall Lugge\",\"isPartOf\":{\"@id\":\"https:\\\/\\\/luggenetwork.de\\\/lugge2\\\/#website\"},\"primaryImageOfPage\":{\"@id\":\"https:\\\/\\\/luggenetwork.de\\\/lugge2\\\/zeltlager-rufv-2017\\\/#primaryimage\"},\"image\":{\"@id\":\"https:\\\/\\\/luggenetwork.de\\\/lugge2\\\/zeltlager-rufv-2017\\\/#primaryimage\"},\"thumbnailUrl\":\"https:\\\/\\\/www.reitstall-lugge.de\\\/wp-content\\\/uploads\\\/2017\\\/08\\\/IMG_0042-226x300.jpg\",\"datePublished\":\"2017-08-21T14:50:26+00:00\",\"dateModified\":\"2017-08-28T18:54:05+00:00\",\"author\":{\"@id\":\"https:\\\/\\\/luggenetwork.de\\\/lugge2\\\/#\\\/schema\\\/person\\\/bd9647e3ea0c0b902bfb696012629635\"},\"breadcrumb\":{\"@id\":\"https:\\\/\\\/luggenetwork.de\\\/lugge2\\\/zeltlager-rufv-2017\\\/#breadcrumb\"},\"inLanguage\":\"de\",\"potentialAction\":[{\"@type\":\"ReadAction\",\"target\":[\"https:\\\/\\\/luggenetwork.de\\\/lugge2\\\/zeltlager-rufv-2017\\\/\"]}]},{\"@type\":\"ImageObject\",\"inLanguage\":\"de\",\"@id\":\"https:\\\/\\\/luggenetwork.de\\\/lugge2\\\/zeltlager-rufv-2017\\\/#primaryimage\",\"url\":\"https:\\\/\\\/www.reitstall-lugge.de\\\/wp-content\\\/uploads\\\/2017\\\/08\\\/IMG_0042-226x300.jpg\",\"contentUrl\":\"https:\\\/\\\/www.reitstall-lugge.de\\\/wp-content\\\/uploads\\\/2017\\\/08\\\/IMG_0042-226x300.jpg\"},{\"@type\":\"BreadcrumbList\",\"@id\":\"https:\\\/\\\/luggenetwork.de\\\/lugge2\\\/zeltlager-rufv-2017\\\/#breadcrumb\",\"itemListElement\":[{\"@type\":\"ListItem\",\"position\":1,\"name\":\"Startseite\",\"item\":\"https:\\\/\\\/luggenetwork.de\\\/lugge2\\\/\"},{\"@type\":\"ListItem\",\"position\":2,\"name\":\"Zeltlager RuFV 2017\"}]},{\"@type\":\"WebSite\",\"@id\":\"https:\\\/\\\/luggenetwork.de\\\/lugge2\\\/#website\",\"url\":\"https:\\\/\\\/luggenetwork.de\\\/lugge2\\\/\",\"name\":\"Reitstall Lugge\",\"description\":\"M\u00fclheim-D\u00fcmpten\",\"potentialAction\":[{\"@type\":\"SearchAction\",\"target\":{\"@type\":\"EntryPoint\",\"urlTemplate\":\"https:\\\/\\\/luggenetwork.de\\\/lugge2\\\/?s={search_term_string}\"},\"query-input\":{\"@type\":\"PropertyValueSpecification\",\"valueRequired\":true,\"valueName\":\"search_term_string\"}}],\"inLanguage\":\"de\"},{\"@type\":\"Person\",\"@id\":\"https:\\\/\\\/luggenetwork.de\\\/lugge2\\\/#\\\/schema\\\/person\\\/bd9647e3ea0c0b902bfb696012629635\",\"name\":\"lisaadmin\",\"image\":{\"@type\":\"ImageObject\",\"inLanguage\":\"de\",\"@id\":\"https:\\\/\\\/secure.gravatar.com\\\/avatar\\\/499f8e293a93c1e496fd32c165ec4c2dd37efe1d943adc7bd7116d6daf490278?s=96&r=g\",\"url\":\"https:\\\/\\\/secure.gravatar.com\\\/avatar\\\/499f8e293a93c1e496fd32c165ec4c2dd37efe1d943adc7bd7116d6daf490278?s=96&r=g\",\"contentUrl\":\"https:\\\/\\\/secure.gravatar.com\\\/avatar\\\/499f8e293a93c1e496fd32c165ec4c2dd37efe1d943adc7bd7116d6daf490278?s=96&r=g\",\"caption\":\"lisaadmin\"},\"sameAs\":[\"http:\\\/\\\/luggenetwork.de\"],\"url\":\"https:\\\/\\\/luggenetwork.de\\\/lugge2\\\/author\\\/lisaadmin\\\/\"}]}<\/script>\n<!-- \/ Yoast SEO plugin. -->","yoast_head_json":{"title":"Zeltlager RuFV 2017 - Reitstall Lugge","robots":{"index":"index","follow":"follow","max-snippet":"max-snippet:-1","max-image-preview":"max-image-preview:large","max-video-preview":"max-video-preview:-1"},"canonical":"https:\/\/luggenetwork.de\/lugge2\/zeltlager-rufv-2017\/","og_locale":"de_DE","og_type":"article","og_title":"Zeltlager RuFV 2017 - Reitstall Lugge","og_description":"Die Vereinsjugend zeltet&#8230; Und die Helfer grillen! Wie jedes Jahr wollen wir mit unserer Vereinsjugend wieder einen tollen Abend im Zeltlager verbringen. Vom Samstag, 2. September bis zum Sonntag 3. September schlagen wir wieder die Zeltheringe ein. Wie schon in den vergangenen Jahren wird auch diesmal beim Zeltlager unser &#8222;Helfergrillen&#8220; stattfinden. Und nein, wir grillen [&hellip;]","og_url":"https:\/\/luggenetwork.de\/lugge2\/zeltlager-rufv-2017\/","og_site_name":"Reitstall Lugge","article_published_time":"2017-08-21T14:50:26+00:00","article_modified_time":"2017-08-28T18:54:05+00:00","og_image":[{"url":"https:\/\/www.reitstall-lugge.de\/wp-content\/uploads\/2017\/08\/IMG_0042-226x300.jpg","type":"","width":"","height":""}],"author":"lisaadmin","twitter_card":"summary_large_image","twitter_misc":{"Verfasst von":"lisaadmin","Gesch\u00e4tzte Lesezeit":"1\u00a0Minute"},"schema":{"@context":"https:\/\/schema.org","@graph":[{"@type":"Article","@id":"https:\/\/luggenetwork.de\/lugge2\/zeltlager-rufv-2017\/#article","isPartOf":{"@id":"https:\/\/luggenetwork.de\/lugge2\/zeltlager-rufv-2017\/"},"author":{"name":"lisaadmin","@id":"https:\/\/luggenetwork.de\/lugge2\/#\/schema\/person\/bd9647e3ea0c0b902bfb696012629635"},"headline":"Zeltlager RuFV 2017","datePublished":"2017-08-21T14:50:26+00:00","dateModified":"2017-08-28T18:54:05+00:00","mainEntityOfPage":{"@id":"https:\/\/luggenetwork.de\/lugge2\/zeltlager-rufv-2017\/"},"wordCount":112,"image":{"@id":"https:\/\/luggenetwork.de\/lugge2\/zeltlager-rufv-2017\/#primaryimage"},"thumbnailUrl":"https:\/\/www.reitstall-lugge.de\/wp-content\/uploads\/2017\/08\/IMG_0042-226x300.jpg","keywords":["Jugendzeltlager","Lugge","rfv hexbachtal","Ruf Hexbachtal","Zeltlager"],"articleSection":["Aktuelles"],"inLanguage":"de"},{"@type":"WebPage","@id":"https:\/\/luggenetwork.de\/lugge2\/zeltlager-rufv-2017\/","url":"https:\/\/luggenetwork.de\/lugge2\/zeltlager-rufv-2017\/","name":"Zeltlager RuFV 2017 - Reitstall Lugge","isPartOf":{"@id":"https:\/\/luggenetwork.de\/lugge2\/#website"},"primaryImageOfPage":{"@id":"https:\/\/luggenetwork.de\/lugge2\/zeltlager-rufv-2017\/#primaryimage"},"image":{"@id":"https:\/\/luggenetwork.de\/lugge2\/zeltlager-rufv-2017\/#primaryimage"},"thumbnailUrl":"https:\/\/www.reitstall-lugge.de\/wp-content\/uploads\/2017\/08\/IMG_0042-226x300.jpg","datePublished":"2017-08-21T14:50:26+00:00","dateModified":"2017-08-28T18:54:05+00:00","author":{"@id":"https:\/\/luggenetwork.de\/lugge2\/#\/schema\/person\/bd9647e3ea0c0b902bfb696012629635"},"breadcrumb":{"@id":"https:\/\/luggenetwork.de\/lugge2\/zeltlager-rufv-2017\/#breadcrumb"},"inLanguage":"de","potentialAction":[{"@type":"ReadAction","target":["https:\/\/luggenetwork.de\/lugge2\/zeltlager-rufv-2017\/"]}]},{"@type":"ImageObject","inLanguage":"de","@id":"https:\/\/luggenetwork.de\/lugge2\/zeltlager-rufv-2017\/#primaryimage","url":"https:\/\/www.reitstall-lugge.de\/wp-content\/uploads\/2017\/08\/IMG_0042-226x300.jpg","contentUrl":"https:\/\/www.reitstall-lugge.de\/wp-content\/uploads\/2017\/08\/IMG_0042-226x300.jpg"},{"@type":"BreadcrumbList","@id":"https:\/\/luggenetwork.de\/lugge2\/zeltlager-rufv-2017\/#breadcrumb","itemListElement":[{"@type":"ListItem","position":1,"name":"Startseite","item":"https:\/\/luggenetwork.de\/lugge2\/"},{"@type":"ListItem","position":2,"name":"Zeltlager RuFV 2017"}]},{"@type":"WebSite","@id":"https:\/\/luggenetwork.de\/lugge2\/#website","url":"https:\/\/luggenetwork.de\/lugge2\/","name":"Reitstall Lugge","description":"M\u00fclheim-D\u00fcmpten","potentialAction":[{"@type":"SearchAction","target":{"@type":"EntryPoint","urlTemplate":"https:\/\/luggenetwork.de\/lugge2\/?s={search_term_string}"},"query-input":{"@type":"PropertyValueSpecification","valueRequired":true,"valueName":"search_term_string"}}],"inLanguage":"de"},{"@type":"Person","@id":"https:\/\/luggenetwork.de\/lugge2\/#\/schema\/person\/bd9647e3ea0c0b902bfb696012629635","name":"lisaadmin","image":{"@type":"ImageObject","inLanguage":"de","@id":"https:\/\/secure.gravatar.com\/avatar\/499f8e293a93c1e496fd32c165ec4c2dd37efe1d943adc7bd7116d6daf490278?s=96&r=g","url":"https:\/\/secure.gravatar.com\/avatar\/499f8e293a93c1e496fd32c165ec4c2dd37efe1d943adc7bd7116d6daf490278?s=96&r=g","contentUrl":"https:\/\/secure.gravatar.com\/avatar\/499f8e293a93c1e496fd32c165ec4c2dd37efe1d943adc7bd7116d6daf490278?s=96&r=g","caption":"lisaadmin"},"sameAs":["http:\/\/luggenetwork.de"],"url":"https:\/\/luggenetwork.de\/lugge2\/author\/lisaadmin\/"}]}},"_links":{"self":[{"href":"https:\/\/luggenetwork.de\/lugge2\/wp-json\/wp\/v2\/posts\/6231","targetHints":{"allow":["GET"]}}],"collection":[{"href":"https:\/\/luggenetwork.de\/lugge2\/wp-json\/wp\/v2\/posts"}],"about":[{"href":"https:\/\/luggenetwork.de\/lugge2\/wp-json\/wp\/v2\/types\/post"}],"author":[{"embeddable":true,"href":"https:\/\/luggenetwork.de\/lugge2\/wp-json\/wp\/v2\/users\/1"}],"replies":[{"embeddable":true,"href":"https:\/\/luggenetwork.de\/lugge2\/wp-json\/wp\/v2\/comments?post=6231"}],"version-history":[{"count":0,"href":"https:\/\/luggenetwork.de\/lugge2\/wp-json\/wp\/v2\/posts\/6231\/revisions"}],"wp:attachment":[{"href":"https:\/\/luggenetwork.de\/lugge2\/wp-json\/wp\/v2\/media?parent=6231"}],"wp:term":[{"taxonomy":"category","embeddable":true,"href":"https:\/\/luggenetwork.de\/lugge2\/wp-json\/wp\/v2\/categories?post=6231"},{"taxonomy":"post_tag","embeddable":true,"href":"https:\/\/luggenetwork.de\/lugge2\/wp-json\/wp\/v2\/tags?post=6231"}],"curies":[{"name":"wp","href":"https:\/\/api.w.org\/{rel}","templated":true}]}}