{"id":3886,"date":"2015-07-12T14:42:13","date_gmt":"2015-07-12T12:42:13","guid":{"rendered":"https:\/\/www.reitstall-lugge.de\/?p=3886"},"modified":"2015-07-12T15:44:39","modified_gmt":"2015-07-12T13:44:39","slug":"wir-fahren-nach-irrland","status":"publish","type":"post","link":"https:\/\/luggenetwork.de\/lugge2\/wir-fahren-nach-irrland\/","title":{"rendered":"Wir fahren nach Irrland"},"content":{"rendered":"<h4><a href=\"https:\/\/www.reitstall-lugge.de\/wp-content\/uploads\/2015\/07\/Irrland.jpg\"><img loading=\"lazy\" decoding=\"async\" class=\"artikelbild alignleft wp-image-3887 size-medium\" src=\"https:\/\/www.reitstall-lugge.de\/wp-content\/uploads\/2015\/07\/Irrland-212x300.jpg\" alt=\"Irrland\" width=\"212\" height=\"300\" srcset=\"https:\/\/luggenetwork.de\/lugge2\/wp-content\/uploads\/sites\/3\/2015\/07\/Irrland-212x300.jpg 212w, https:\/\/luggenetwork.de\/lugge2\/wp-content\/uploads\/sites\/3\/2015\/07\/Irrland.jpg 566w\" sizes=\"auto, (max-width: 212px) 100vw, 212px\" \/><\/a>Nach Irland? Nein&#8230;<\/h4>\n<p>Eigentlich m\u00fcsste es hei\u00dfen &#8222;<strong>Wir fahren IN&#8217;S Irrland<\/strong>&#8222;. Der Reit- und Fahrverein Hexbachtal geht mal wieder auf Tour. Wie schon in den letzten Jahren, wollen wir wieder mit allen Vereinsmitgliedern eine gemeinsamen Tag verbringen.<\/p>\n<p><strong>Ziel ist in diesem Jahr die Bauernhof-Erlebnisoase Irrland in Kevelaer.<\/strong><\/p>\n<p>Am Samstag, dem 1. August 2015 geht es um 10 Uhr los. Treffpunkt ist der Parkplatz am Reitstall Lugge.<\/p>\n<p>Was ihr wissen solltet, steht auf dem Plakat&#8230;<\/p>\n<p>Ganz wichtig: Am Stall h\u00e4ngt am Colaautomat eine Liste aus. Wer mitkommt, tr\u00e4gt sich sich da bitte ein. Ebenso, wer etwas mitringt, wer f\u00e4hrt oder wer noch Platz im Auto hat.<\/p>\n<p>Wir freuen uns auf einen sch\u00f6nen Tag mit euch!<\/p>\n<p>Svenja und Marvin<\/p>\n","protected":false},"excerpt":{"rendered":"<p>Nach Irland? Nein&#8230; Eigentlich m\u00fcsste es hei\u00dfen &#8222;Wir fahren IN&#8217;S Irrland&#8222;. Der Reit- und Fahrverein Hexbachtal geht mal wieder auf Tour. Wie schon in den letzten Jahren, wollen wir wieder mit allen Vereinsmitgliedern eine gemeinsamen Tag verbringen. Ziel ist in diesem Jahr die Bauernhof-Erlebnisoase Irrland in Kevelaer. Am Samstag, dem 1. August 2015 geht es [&hellip;]<\/p>\n","protected":false},"author":1,"featured_media":0,"comment_status":"closed","ping_status":"closed","sticky":false,"template":"","format":"standard","meta":{"inline_featured_image":false,"ngg_post_thumbnail":0,"footnotes":""},"categories":[52],"tags":[41,22,92],"class_list":["post-3886","post","type-post","status-publish","format-standard","hentry","category-aktuelles","tag-rfv-hexbachtal","tag-ruf-hexbachtal","tag-ruf-on-tour","post-preview"],"yoast_head":"<!-- This site is optimized with the Yoast SEO plugin v27.5 - https:\/\/yoast.com\/product\/yoast-seo-wordpress\/ -->\n<title>Der Reit- und Fahrverein Hexbachtal geht mal wieder auf Tour.<\/title>\n<meta name=\"description\" content=\"Ziel ist in diesem Jahr die Bauernhof-Erlebnisoase Irrland in Kevelaer. Am Samstag, dem 1. August 2015 geht es um 10 Uhr los.\" \/>\n<meta name=\"robots\" content=\"index, follow, max-snippet:-1, max-image-preview:large, max-video-preview:-1\" \/>\n<link rel=\"canonical\" href=\"https:\/\/luggenetwork.de\/lugge2\/wir-fahren-nach-irrland\/\" \/>\n<meta property=\"og:locale\" content=\"de_DE\" \/>\n<meta property=\"og:type\" content=\"article\" \/>\n<meta property=\"og:title\" content=\"Der Reit- und Fahrverein Hexbachtal geht mal wieder auf Tour.\" \/>\n<meta property=\"og:description\" content=\"Ziel ist in diesem Jahr die Bauernhof-Erlebnisoase Irrland in Kevelaer. Am Samstag, dem 1. August 2015 geht es um 10 Uhr los.\" \/>\n<meta property=\"og:url\" content=\"https:\/\/luggenetwork.de\/lugge2\/wir-fahren-nach-irrland\/\" \/>\n<meta property=\"og:site_name\" content=\"Reitstall Lugge\" \/>\n<meta property=\"article:published_time\" content=\"2015-07-12T12:42:13+00:00\" \/>\n<meta property=\"article:modified_time\" content=\"2015-07-12T13:44:39+00:00\" \/>\n<meta property=\"og:image\" content=\"https:\/\/www.reitstall-lugge.de\/wp-content\/uploads\/2015\/07\/Irrland-212x300.jpg\" \/>\n<meta name=\"author\" content=\"lisaadmin\" \/>\n<meta name=\"twitter:card\" content=\"summary_large_image\" \/>\n<meta name=\"twitter:label1\" content=\"Verfasst von\" \/>\n\t<meta name=\"twitter:data1\" content=\"lisaadmin\" \/>\n\t<meta name=\"twitter:label2\" content=\"Gesch\u00e4tzte Lesezeit\" \/>\n\t<meta name=\"twitter:data2\" content=\"1\u00a0Minute\" \/>\n<script type=\"application\/ld+json\" class=\"yoast-schema-graph\">{\"@context\":\"https:\\\/\\\/schema.org\",\"@graph\":[{\"@type\":\"Article\",\"@id\":\"https:\\\/\\\/luggenetwork.de\\\/lugge2\\\/wir-fahren-nach-irrland\\\/#article\",\"isPartOf\":{\"@id\":\"https:\\\/\\\/luggenetwork.de\\\/lugge2\\\/wir-fahren-nach-irrland\\\/\"},\"author\":{\"name\":\"lisaadmin\",\"@id\":\"https:\\\/\\\/luggenetwork.de\\\/lugge2\\\/#\\\/schema\\\/person\\\/bd9647e3ea0c0b902bfb696012629635\"},\"headline\":\"Wir fahren nach Irrland\",\"datePublished\":\"2015-07-12T12:42:13+00:00\",\"dateModified\":\"2015-07-12T13:44:39+00:00\",\"mainEntityOfPage\":{\"@id\":\"https:\\\/\\\/luggenetwork.de\\\/lugge2\\\/wir-fahren-nach-irrland\\\/\"},\"wordCount\":124,\"image\":{\"@id\":\"https:\\\/\\\/luggenetwork.de\\\/lugge2\\\/wir-fahren-nach-irrland\\\/#primaryimage\"},\"thumbnailUrl\":\"https:\\\/\\\/www.reitstall-lugge.de\\\/wp-content\\\/uploads\\\/2015\\\/07\\\/Irrland-212x300.jpg\",\"keywords\":[\"rfv hexbachtal\",\"Ruf Hexbachtal\",\"RuF on Tour\"],\"articleSection\":[\"Aktuelles\"],\"inLanguage\":\"de\"},{\"@type\":\"WebPage\",\"@id\":\"https:\\\/\\\/luggenetwork.de\\\/lugge2\\\/wir-fahren-nach-irrland\\\/\",\"url\":\"https:\\\/\\\/luggenetwork.de\\\/lugge2\\\/wir-fahren-nach-irrland\\\/\",\"name\":\"Der Reit- und Fahrverein Hexbachtal geht mal wieder auf Tour.\",\"isPartOf\":{\"@id\":\"https:\\\/\\\/luggenetwork.de\\\/lugge2\\\/#website\"},\"primaryImageOfPage\":{\"@id\":\"https:\\\/\\\/luggenetwork.de\\\/lugge2\\\/wir-fahren-nach-irrland\\\/#primaryimage\"},\"image\":{\"@id\":\"https:\\\/\\\/luggenetwork.de\\\/lugge2\\\/wir-fahren-nach-irrland\\\/#primaryimage\"},\"thumbnailUrl\":\"https:\\\/\\\/www.reitstall-lugge.de\\\/wp-content\\\/uploads\\\/2015\\\/07\\\/Irrland-212x300.jpg\",\"datePublished\":\"2015-07-12T12:42:13+00:00\",\"dateModified\":\"2015-07-12T13:44:39+00:00\",\"author\":{\"@id\":\"https:\\\/\\\/luggenetwork.de\\\/lugge2\\\/#\\\/schema\\\/person\\\/bd9647e3ea0c0b902bfb696012629635\"},\"description\":\"Ziel ist in diesem Jahr die Bauernhof-Erlebnisoase Irrland in Kevelaer. Am Samstag, dem 1. August 2015 geht es um 10 Uhr los.\",\"breadcrumb\":{\"@id\":\"https:\\\/\\\/luggenetwork.de\\\/lugge2\\\/wir-fahren-nach-irrland\\\/#breadcrumb\"},\"inLanguage\":\"de\",\"potentialAction\":[{\"@type\":\"ReadAction\",\"target\":[\"https:\\\/\\\/luggenetwork.de\\\/lugge2\\\/wir-fahren-nach-irrland\\\/\"]}]},{\"@type\":\"ImageObject\",\"inLanguage\":\"de\",\"@id\":\"https:\\\/\\\/luggenetwork.de\\\/lugge2\\\/wir-fahren-nach-irrland\\\/#primaryimage\",\"url\":\"https:\\\/\\\/www.reitstall-lugge.de\\\/wp-content\\\/uploads\\\/2015\\\/07\\\/Irrland-212x300.jpg\",\"contentUrl\":\"https:\\\/\\\/www.reitstall-lugge.de\\\/wp-content\\\/uploads\\\/2015\\\/07\\\/Irrland-212x300.jpg\"},{\"@type\":\"BreadcrumbList\",\"@id\":\"https:\\\/\\\/luggenetwork.de\\\/lugge2\\\/wir-fahren-nach-irrland\\\/#breadcrumb\",\"itemListElement\":[{\"@type\":\"ListItem\",\"position\":1,\"name\":\"Startseite\",\"item\":\"https:\\\/\\\/luggenetwork.de\\\/lugge2\\\/\"},{\"@type\":\"ListItem\",\"position\":2,\"name\":\"Wir fahren nach Irrland\"}]},{\"@type\":\"WebSite\",\"@id\":\"https:\\\/\\\/luggenetwork.de\\\/lugge2\\\/#website\",\"url\":\"https:\\\/\\\/luggenetwork.de\\\/lugge2\\\/\",\"name\":\"Reitstall Lugge\",\"description\":\"M\u00fclheim-D\u00fcmpten\",\"potentialAction\":[{\"@type\":\"SearchAction\",\"target\":{\"@type\":\"EntryPoint\",\"urlTemplate\":\"https:\\\/\\\/luggenetwork.de\\\/lugge2\\\/?s={search_term_string}\"},\"query-input\":{\"@type\":\"PropertyValueSpecification\",\"valueRequired\":true,\"valueName\":\"search_term_string\"}}],\"inLanguage\":\"de\"},{\"@type\":\"Person\",\"@id\":\"https:\\\/\\\/luggenetwork.de\\\/lugge2\\\/#\\\/schema\\\/person\\\/bd9647e3ea0c0b902bfb696012629635\",\"name\":\"lisaadmin\",\"image\":{\"@type\":\"ImageObject\",\"inLanguage\":\"de\",\"@id\":\"https:\\\/\\\/secure.gravatar.com\\\/avatar\\\/499f8e293a93c1e496fd32c165ec4c2dd37efe1d943adc7bd7116d6daf490278?s=96&r=g\",\"url\":\"https:\\\/\\\/secure.gravatar.com\\\/avatar\\\/499f8e293a93c1e496fd32c165ec4c2dd37efe1d943adc7bd7116d6daf490278?s=96&r=g\",\"contentUrl\":\"https:\\\/\\\/secure.gravatar.com\\\/avatar\\\/499f8e293a93c1e496fd32c165ec4c2dd37efe1d943adc7bd7116d6daf490278?s=96&r=g\",\"caption\":\"lisaadmin\"},\"sameAs\":[\"http:\\\/\\\/luggenetwork.de\"],\"url\":\"https:\\\/\\\/luggenetwork.de\\\/lugge2\\\/author\\\/lisaadmin\\\/\"}]}<\/script>\n<!-- \/ Yoast SEO plugin. -->","yoast_head_json":{"title":"Der Reit- und Fahrverein Hexbachtal geht mal wieder auf Tour.","description":"Ziel ist in diesem Jahr die Bauernhof-Erlebnisoase Irrland in Kevelaer. Am Samstag, dem 1. August 2015 geht es um 10 Uhr los.","robots":{"index":"index","follow":"follow","max-snippet":"max-snippet:-1","max-image-preview":"max-image-preview:large","max-video-preview":"max-video-preview:-1"},"canonical":"https:\/\/luggenetwork.de\/lugge2\/wir-fahren-nach-irrland\/","og_locale":"de_DE","og_type":"article","og_title":"Der Reit- und Fahrverein Hexbachtal geht mal wieder auf Tour.","og_description":"Ziel ist in diesem Jahr die Bauernhof-Erlebnisoase Irrland in Kevelaer. Am Samstag, dem 1. August 2015 geht es um 10 Uhr los.","og_url":"https:\/\/luggenetwork.de\/lugge2\/wir-fahren-nach-irrland\/","og_site_name":"Reitstall Lugge","article_published_time":"2015-07-12T12:42:13+00:00","article_modified_time":"2015-07-12T13:44:39+00:00","og_image":[{"url":"https:\/\/www.reitstall-lugge.de\/wp-content\/uploads\/2015\/07\/Irrland-212x300.jpg","type":"","width":"","height":""}],"author":"lisaadmin","twitter_card":"summary_large_image","twitter_misc":{"Verfasst von":"lisaadmin","Gesch\u00e4tzte Lesezeit":"1\u00a0Minute"},"schema":{"@context":"https:\/\/schema.org","@graph":[{"@type":"Article","@id":"https:\/\/luggenetwork.de\/lugge2\/wir-fahren-nach-irrland\/#article","isPartOf":{"@id":"https:\/\/luggenetwork.de\/lugge2\/wir-fahren-nach-irrland\/"},"author":{"name":"lisaadmin","@id":"https:\/\/luggenetwork.de\/lugge2\/#\/schema\/person\/bd9647e3ea0c0b902bfb696012629635"},"headline":"Wir fahren nach Irrland","datePublished":"2015-07-12T12:42:13+00:00","dateModified":"2015-07-12T13:44:39+00:00","mainEntityOfPage":{"@id":"https:\/\/luggenetwork.de\/lugge2\/wir-fahren-nach-irrland\/"},"wordCount":124,"image":{"@id":"https:\/\/luggenetwork.de\/lugge2\/wir-fahren-nach-irrland\/#primaryimage"},"thumbnailUrl":"https:\/\/www.reitstall-lugge.de\/wp-content\/uploads\/2015\/07\/Irrland-212x300.jpg","keywords":["rfv hexbachtal","Ruf Hexbachtal","RuF on Tour"],"articleSection":["Aktuelles"],"inLanguage":"de"},{"@type":"WebPage","@id":"https:\/\/luggenetwork.de\/lugge2\/wir-fahren-nach-irrland\/","url":"https:\/\/luggenetwork.de\/lugge2\/wir-fahren-nach-irrland\/","name":"Der Reit- und Fahrverein Hexbachtal geht mal wieder auf Tour.","isPartOf":{"@id":"https:\/\/luggenetwork.de\/lugge2\/#website"},"primaryImageOfPage":{"@id":"https:\/\/luggenetwork.de\/lugge2\/wir-fahren-nach-irrland\/#primaryimage"},"image":{"@id":"https:\/\/luggenetwork.de\/lugge2\/wir-fahren-nach-irrland\/#primaryimage"},"thumbnailUrl":"https:\/\/www.reitstall-lugge.de\/wp-content\/uploads\/2015\/07\/Irrland-212x300.jpg","datePublished":"2015-07-12T12:42:13+00:00","dateModified":"2015-07-12T13:44:39+00:00","author":{"@id":"https:\/\/luggenetwork.de\/lugge2\/#\/schema\/person\/bd9647e3ea0c0b902bfb696012629635"},"description":"Ziel ist in diesem Jahr die Bauernhof-Erlebnisoase Irrland in Kevelaer. Am Samstag, dem 1. August 2015 geht es um 10 Uhr los.","breadcrumb":{"@id":"https:\/\/luggenetwork.de\/lugge2\/wir-fahren-nach-irrland\/#breadcrumb"},"inLanguage":"de","potentialAction":[{"@type":"ReadAction","target":["https:\/\/luggenetwork.de\/lugge2\/wir-fahren-nach-irrland\/"]}]},{"@type":"ImageObject","inLanguage":"de","@id":"https:\/\/luggenetwork.de\/lugge2\/wir-fahren-nach-irrland\/#primaryimage","url":"https:\/\/www.reitstall-lugge.de\/wp-content\/uploads\/2015\/07\/Irrland-212x300.jpg","contentUrl":"https:\/\/www.reitstall-lugge.de\/wp-content\/uploads\/2015\/07\/Irrland-212x300.jpg"},{"@type":"BreadcrumbList","@id":"https:\/\/luggenetwork.de\/lugge2\/wir-fahren-nach-irrland\/#breadcrumb","itemListElement":[{"@type":"ListItem","position":1,"name":"Startseite","item":"https:\/\/luggenetwork.de\/lugge2\/"},{"@type":"ListItem","position":2,"name":"Wir fahren nach Irrland"}]},{"@type":"WebSite","@id":"https:\/\/luggenetwork.de\/lugge2\/#website","url":"https:\/\/luggenetwork.de\/lugge2\/","name":"Reitstall Lugge","description":"M\u00fclheim-D\u00fcmpten","potentialAction":[{"@type":"SearchAction","target":{"@type":"EntryPoint","urlTemplate":"https:\/\/luggenetwork.de\/lugge2\/?s={search_term_string}"},"query-input":{"@type":"PropertyValueSpecification","valueRequired":true,"valueName":"search_term_string"}}],"inLanguage":"de"},{"@type":"Person","@id":"https:\/\/luggenetwork.de\/lugge2\/#\/schema\/person\/bd9647e3ea0c0b902bfb696012629635","name":"lisaadmin","image":{"@type":"ImageObject","inLanguage":"de","@id":"https:\/\/secure.gravatar.com\/avatar\/499f8e293a93c1e496fd32c165ec4c2dd37efe1d943adc7bd7116d6daf490278?s=96&r=g","url":"https:\/\/secure.gravatar.com\/avatar\/499f8e293a93c1e496fd32c165ec4c2dd37efe1d943adc7bd7116d6daf490278?s=96&r=g","contentUrl":"https:\/\/secure.gravatar.com\/avatar\/499f8e293a93c1e496fd32c165ec4c2dd37efe1d943adc7bd7116d6daf490278?s=96&r=g","caption":"lisaadmin"},"sameAs":["http:\/\/luggenetwork.de"],"url":"https:\/\/luggenetwork.de\/lugge2\/author\/lisaadmin\/"}]}},"_links":{"self":[{"href":"https:\/\/luggenetwork.de\/lugge2\/wp-json\/wp\/v2\/posts\/3886","targetHints":{"allow":["GET"]}}],"collection":[{"href":"https:\/\/luggenetwork.de\/lugge2\/wp-json\/wp\/v2\/posts"}],"about":[{"href":"https:\/\/luggenetwork.de\/lugge2\/wp-json\/wp\/v2\/types\/post"}],"author":[{"embeddable":true,"href":"https:\/\/luggenetwork.de\/lugge2\/wp-json\/wp\/v2\/users\/1"}],"replies":[{"embeddable":true,"href":"https:\/\/luggenetwork.de\/lugge2\/wp-json\/wp\/v2\/comments?post=3886"}],"version-history":[{"count":0,"href":"https:\/\/luggenetwork.de\/lugge2\/wp-json\/wp\/v2\/posts\/3886\/revisions"}],"wp:attachment":[{"href":"https:\/\/luggenetwork.de\/lugge2\/wp-json\/wp\/v2\/media?parent=3886"}],"wp:term":[{"taxonomy":"category","embeddable":true,"href":"https:\/\/luggenetwork.de\/lugge2\/wp-json\/wp\/v2\/categories?post=3886"},{"taxonomy":"post_tag","embeddable":true,"href":"https:\/\/luggenetwork.de\/lugge2\/wp-json\/wp\/v2\/tags?post=3886"}],"curies":[{"name":"wp","href":"https:\/\/api.w.org\/{rel}","templated":true}]}}