{"id":2847,"date":"2015-02-23T15:44:34","date_gmt":"2015-02-23T14:44:34","guid":{"rendered":"https:\/\/www.reitstall-lugge.de\/?p=2847"},"modified":"2015-02-23T16:00:23","modified_gmt":"2015-02-23T15:00:23","slug":"jahreshauptversammlung-2015","status":"publish","type":"post","link":"https:\/\/luggenetwork.de\/lugge2\/jahreshauptversammlung-2015\/","title":{"rendered":"Jahreshauptversammlung 2015"},"content":{"rendered":"<h2><img loading=\"lazy\" decoding=\"async\" class=\"artikelbild wp-image-223 size-medium alignright\" src=\"https:\/\/www.reitstall-lugge.de\/wp-content\/uploads\/2013\/10\/Ruf_Logo-266x300.jpg\" alt=\"RuF Hexbachtal e.V.\" width=\"266\" height=\"300\" srcset=\"https:\/\/luggenetwork.de\/lugge2\/wp-content\/uploads\/sites\/3\/2013\/10\/Ruf_Logo-266x300.jpg 266w, https:\/\/luggenetwork.de\/lugge2\/wp-content\/uploads\/sites\/3\/2013\/10\/Ruf_Logo.jpg 586w\" sizes=\"auto, (max-width: 266px) 100vw, 266px\" \/>Einladung zur Jahreshauptversammlung 2015<\/h2>\n<p>Sehr geehrtes Vereinsmitglied,<\/p>\n<p>gerne laden wir Sie zur Mitgliederhauptversammlung <strong>am Sonntag 08.03.2015 um 12:00 Uhr <\/strong>in der Kantine des Reitstall Lugge, G\u00e4nseweg 80, 45475 M\u00fclheim\/Ruhr, ein.<\/p>\n<p><strong>Die Tagesordnung lautet wie folgt:<\/strong><\/p>\n<ol>\n<li>Begr\u00fc\u00dfung durch den Vorstand<\/li>\n<li>Verlesen des Protokolls der Mitgliederhauptversammlung 2014<\/li>\n<li>Gesch\u00e4ftsbericht des Vorstands 2014<\/li>\n<li>Jahresbericht des Jugendwartes 2014<\/li>\n<li>Jahresbericht des Freizeitbeauftragtem 2014<\/li>\n<li>Rechenschaftsbericht des Kassenwarts 2014<\/li>\n<li>Pr\u00fcfungsbericht der Kassenpr\u00fcfer 2014<\/li>\n<li>Entlastung des Vorstandes f\u00fcr 2014<\/li>\n<li>Neuwahlen:<br \/>\na) des Freizeitbeauftragtem<br \/>\nb) zwei Kassenpr\u00fcfer f\u00fcr Gesch\u00e4ftsjahr 2015<\/li>\n<li>R\u00fcckblick \/ Vorschau 2015<\/li>\n<li>Austragung Turnier 30.04.-01.05.2014 beim RFV Hexbachtal e.V.<\/li>\n<li>Verschiedenes<\/li>\n<\/ol>\n<p>Antr\u00e4ge zur \u00c4nderung der Tagesordnung m\u00fcssen schriftlich gestellt und kurz begr\u00fcndet werden. Diese m\u00fcssen dem Vorstand bis zum 04.03.2015 vorliegen.<\/p>\n<p>\u00dcber ein zahlreiches und p\u00fcnktliches Erscheinen unserer Mitglieder w\u00fcrden wir uns sehr freuen.<\/p>\n<p>Mit freundlichen Gr\u00fc\u00dfen<\/p>\n<p>Der Vorstand<\/p>\n","protected":false},"excerpt":{"rendered":"<p>Einladung zur Jahreshauptversammlung 2015 Sehr geehrtes Vereinsmitglied, gerne laden wir Sie zur Mitgliederhauptversammlung am Sonntag 08.03.2015 um 12:00 Uhr in der Kantine des Reitstall Lugge, G\u00e4nseweg 80, 45475 M\u00fclheim\/Ruhr, ein. Die Tagesordnung lautet wie folgt: Begr\u00fc\u00dfung durch den Vorstand Verlesen des Protokolls der Mitgliederhauptversammlung 2014 Gesch\u00e4ftsbericht des Vorstands 2014 Jahresbericht des Jugendwartes 2014 Jahresbericht des [&hellip;]<\/p>\n","protected":false},"author":1,"featured_media":0,"comment_status":"closed","ping_status":"closed","sticky":false,"template":"","format":"standard","meta":{"inline_featured_image":false,"ngg_post_thumbnail":0,"footnotes":""},"categories":[52],"tags":[50,22],"class_list":["post-2847","post","type-post","status-publish","format-standard","hentry","category-aktuelles","tag-jahreshauptversammlung","tag-ruf-hexbachtal","post-preview"],"yoast_head":"<!-- This site is optimized with the Yoast SEO plugin v27.4 - https:\/\/yoast.com\/product\/yoast-seo-wordpress\/ -->\n<title>Jahreshauptversammlung 2015 - RuF Hexbachtal e.V.<\/title>\n<meta name=\"description\" content=\"Einladung zur Mitgliederhauptversammlung am Sonntag 08.03.2015 um 12:00 Uhr in der Kantine des Reitstall Lugge, G\u00e4nseweg 80, 45475 M\u00fclheim\/Ruhr\" \/>\n<meta name=\"robots\" content=\"index, follow, max-snippet:-1, max-image-preview:large, max-video-preview:-1\" \/>\n<link rel=\"canonical\" href=\"https:\/\/luggenetwork.de\/lugge2\/jahreshauptversammlung-2015\/\" \/>\n<meta property=\"og:locale\" content=\"de_DE\" \/>\n<meta property=\"og:type\" content=\"article\" \/>\n<meta property=\"og:title\" content=\"Jahreshauptversammlung 2015 - RuF Hexbachtal e.V.\" \/>\n<meta property=\"og:description\" content=\"Einladung zur Mitgliederhauptversammlung am Sonntag 08.03.2015 um 12:00 Uhr in der Kantine des Reitstall Lugge, G\u00e4nseweg 80, 45475 M\u00fclheim\/Ruhr\" \/>\n<meta property=\"og:url\" content=\"https:\/\/luggenetwork.de\/lugge2\/jahreshauptversammlung-2015\/\" \/>\n<meta property=\"og:site_name\" content=\"Reitstall Lugge\" \/>\n<meta property=\"article:published_time\" content=\"2015-02-23T14:44:34+00:00\" \/>\n<meta property=\"article:modified_time\" content=\"2015-02-23T15:00:23+00:00\" \/>\n<meta property=\"og:image\" content=\"https:\/\/www.reitstall-lugge.de\/wp-content\/uploads\/2013\/10\/Ruf_Logo-266x300.jpg\" \/>\n<meta name=\"author\" content=\"lisaadmin\" \/>\n<meta name=\"twitter:card\" content=\"summary_large_image\" \/>\n<meta name=\"twitter:label1\" content=\"Verfasst von\" \/>\n\t<meta name=\"twitter:data1\" content=\"lisaadmin\" \/>\n\t<meta name=\"twitter:label2\" content=\"Gesch\u00e4tzte Lesezeit\" \/>\n\t<meta name=\"twitter:data2\" content=\"1\u00a0Minute\" \/>\n<script type=\"application\/ld+json\" class=\"yoast-schema-graph\">{\"@context\":\"https:\\\/\\\/schema.org\",\"@graph\":[{\"@type\":\"Article\",\"@id\":\"https:\\\/\\\/luggenetwork.de\\\/lugge2\\\/jahreshauptversammlung-2015\\\/#article\",\"isPartOf\":{\"@id\":\"https:\\\/\\\/luggenetwork.de\\\/lugge2\\\/jahreshauptversammlung-2015\\\/\"},\"author\":{\"name\":\"lisaadmin\",\"@id\":\"https:\\\/\\\/luggenetwork.de\\\/lugge2\\\/#\\\/schema\\\/person\\\/bd9647e3ea0c0b902bfb696012629635\"},\"headline\":\"Jahreshauptversammlung 2015\",\"datePublished\":\"2015-02-23T14:44:34+00:00\",\"dateModified\":\"2015-02-23T15:00:23+00:00\",\"mainEntityOfPage\":{\"@id\":\"https:\\\/\\\/luggenetwork.de\\\/lugge2\\\/jahreshauptversammlung-2015\\\/\"},\"wordCount\":135,\"image\":{\"@id\":\"https:\\\/\\\/luggenetwork.de\\\/lugge2\\\/jahreshauptversammlung-2015\\\/#primaryimage\"},\"thumbnailUrl\":\"https:\\\/\\\/www.reitstall-lugge.de\\\/wp-content\\\/uploads\\\/2013\\\/10\\\/Ruf_Logo-266x300.jpg\",\"keywords\":[\"Jahreshauptversammlung\",\"Ruf Hexbachtal\"],\"articleSection\":[\"Aktuelles\"],\"inLanguage\":\"de\"},{\"@type\":\"WebPage\",\"@id\":\"https:\\\/\\\/luggenetwork.de\\\/lugge2\\\/jahreshauptversammlung-2015\\\/\",\"url\":\"https:\\\/\\\/luggenetwork.de\\\/lugge2\\\/jahreshauptversammlung-2015\\\/\",\"name\":\"Jahreshauptversammlung 2015 - RuF Hexbachtal e.V.\",\"isPartOf\":{\"@id\":\"https:\\\/\\\/luggenetwork.de\\\/lugge2\\\/#website\"},\"primaryImageOfPage\":{\"@id\":\"https:\\\/\\\/luggenetwork.de\\\/lugge2\\\/jahreshauptversammlung-2015\\\/#primaryimage\"},\"image\":{\"@id\":\"https:\\\/\\\/luggenetwork.de\\\/lugge2\\\/jahreshauptversammlung-2015\\\/#primaryimage\"},\"thumbnailUrl\":\"https:\\\/\\\/www.reitstall-lugge.de\\\/wp-content\\\/uploads\\\/2013\\\/10\\\/Ruf_Logo-266x300.jpg\",\"datePublished\":\"2015-02-23T14:44:34+00:00\",\"dateModified\":\"2015-02-23T15:00:23+00:00\",\"author\":{\"@id\":\"https:\\\/\\\/luggenetwork.de\\\/lugge2\\\/#\\\/schema\\\/person\\\/bd9647e3ea0c0b902bfb696012629635\"},\"description\":\"Einladung zur Mitgliederhauptversammlung am Sonntag 08.03.2015 um 12:00 Uhr in der Kantine des Reitstall Lugge, G\u00e4nseweg 80, 45475 M\u00fclheim\\\/Ruhr\",\"breadcrumb\":{\"@id\":\"https:\\\/\\\/luggenetwork.de\\\/lugge2\\\/jahreshauptversammlung-2015\\\/#breadcrumb\"},\"inLanguage\":\"de\",\"potentialAction\":[{\"@type\":\"ReadAction\",\"target\":[\"https:\\\/\\\/luggenetwork.de\\\/lugge2\\\/jahreshauptversammlung-2015\\\/\"]}]},{\"@type\":\"ImageObject\",\"inLanguage\":\"de\",\"@id\":\"https:\\\/\\\/luggenetwork.de\\\/lugge2\\\/jahreshauptversammlung-2015\\\/#primaryimage\",\"url\":\"https:\\\/\\\/www.reitstall-lugge.de\\\/wp-content\\\/uploads\\\/2013\\\/10\\\/Ruf_Logo-266x300.jpg\",\"contentUrl\":\"https:\\\/\\\/www.reitstall-lugge.de\\\/wp-content\\\/uploads\\\/2013\\\/10\\\/Ruf_Logo-266x300.jpg\"},{\"@type\":\"BreadcrumbList\",\"@id\":\"https:\\\/\\\/luggenetwork.de\\\/lugge2\\\/jahreshauptversammlung-2015\\\/#breadcrumb\",\"itemListElement\":[{\"@type\":\"ListItem\",\"position\":1,\"name\":\"Startseite\",\"item\":\"https:\\\/\\\/luggenetwork.de\\\/lugge2\\\/\"},{\"@type\":\"ListItem\",\"position\":2,\"name\":\"Jahreshauptversammlung 2015\"}]},{\"@type\":\"WebSite\",\"@id\":\"https:\\\/\\\/luggenetwork.de\\\/lugge2\\\/#website\",\"url\":\"https:\\\/\\\/luggenetwork.de\\\/lugge2\\\/\",\"name\":\"Reitstall Lugge\",\"description\":\"M\u00fclheim-D\u00fcmpten\",\"potentialAction\":[{\"@type\":\"SearchAction\",\"target\":{\"@type\":\"EntryPoint\",\"urlTemplate\":\"https:\\\/\\\/luggenetwork.de\\\/lugge2\\\/?s={search_term_string}\"},\"query-input\":{\"@type\":\"PropertyValueSpecification\",\"valueRequired\":true,\"valueName\":\"search_term_string\"}}],\"inLanguage\":\"de\"},{\"@type\":\"Person\",\"@id\":\"https:\\\/\\\/luggenetwork.de\\\/lugge2\\\/#\\\/schema\\\/person\\\/bd9647e3ea0c0b902bfb696012629635\",\"name\":\"lisaadmin\",\"image\":{\"@type\":\"ImageObject\",\"inLanguage\":\"de\",\"@id\":\"https:\\\/\\\/secure.gravatar.com\\\/avatar\\\/499f8e293a93c1e496fd32c165ec4c2dd37efe1d943adc7bd7116d6daf490278?s=96&r=g\",\"url\":\"https:\\\/\\\/secure.gravatar.com\\\/avatar\\\/499f8e293a93c1e496fd32c165ec4c2dd37efe1d943adc7bd7116d6daf490278?s=96&r=g\",\"contentUrl\":\"https:\\\/\\\/secure.gravatar.com\\\/avatar\\\/499f8e293a93c1e496fd32c165ec4c2dd37efe1d943adc7bd7116d6daf490278?s=96&r=g\",\"caption\":\"lisaadmin\"},\"sameAs\":[\"http:\\\/\\\/luggenetwork.de\"],\"url\":\"https:\\\/\\\/luggenetwork.de\\\/lugge2\\\/author\\\/lisaadmin\\\/\"}]}<\/script>\n<!-- \/ Yoast SEO plugin. -->","yoast_head_json":{"title":"Jahreshauptversammlung 2015 - RuF Hexbachtal e.V.","description":"Einladung zur Mitgliederhauptversammlung am Sonntag 08.03.2015 um 12:00 Uhr in der Kantine des Reitstall Lugge, G\u00e4nseweg 80, 45475 M\u00fclheim\/Ruhr","robots":{"index":"index","follow":"follow","max-snippet":"max-snippet:-1","max-image-preview":"max-image-preview:large","max-video-preview":"max-video-preview:-1"},"canonical":"https:\/\/luggenetwork.de\/lugge2\/jahreshauptversammlung-2015\/","og_locale":"de_DE","og_type":"article","og_title":"Jahreshauptversammlung 2015 - RuF Hexbachtal e.V.","og_description":"Einladung zur Mitgliederhauptversammlung am Sonntag 08.03.2015 um 12:00 Uhr in der Kantine des Reitstall Lugge, G\u00e4nseweg 80, 45475 M\u00fclheim\/Ruhr","og_url":"https:\/\/luggenetwork.de\/lugge2\/jahreshauptversammlung-2015\/","og_site_name":"Reitstall Lugge","article_published_time":"2015-02-23T14:44:34+00:00","article_modified_time":"2015-02-23T15:00:23+00:00","og_image":[{"url":"https:\/\/www.reitstall-lugge.de\/wp-content\/uploads\/2013\/10\/Ruf_Logo-266x300.jpg","type":"","width":"","height":""}],"author":"lisaadmin","twitter_card":"summary_large_image","twitter_misc":{"Verfasst von":"lisaadmin","Gesch\u00e4tzte Lesezeit":"1\u00a0Minute"},"schema":{"@context":"https:\/\/schema.org","@graph":[{"@type":"Article","@id":"https:\/\/luggenetwork.de\/lugge2\/jahreshauptversammlung-2015\/#article","isPartOf":{"@id":"https:\/\/luggenetwork.de\/lugge2\/jahreshauptversammlung-2015\/"},"author":{"name":"lisaadmin","@id":"https:\/\/luggenetwork.de\/lugge2\/#\/schema\/person\/bd9647e3ea0c0b902bfb696012629635"},"headline":"Jahreshauptversammlung 2015","datePublished":"2015-02-23T14:44:34+00:00","dateModified":"2015-02-23T15:00:23+00:00","mainEntityOfPage":{"@id":"https:\/\/luggenetwork.de\/lugge2\/jahreshauptversammlung-2015\/"},"wordCount":135,"image":{"@id":"https:\/\/luggenetwork.de\/lugge2\/jahreshauptversammlung-2015\/#primaryimage"},"thumbnailUrl":"https:\/\/www.reitstall-lugge.de\/wp-content\/uploads\/2013\/10\/Ruf_Logo-266x300.jpg","keywords":["Jahreshauptversammlung","Ruf Hexbachtal"],"articleSection":["Aktuelles"],"inLanguage":"de"},{"@type":"WebPage","@id":"https:\/\/luggenetwork.de\/lugge2\/jahreshauptversammlung-2015\/","url":"https:\/\/luggenetwork.de\/lugge2\/jahreshauptversammlung-2015\/","name":"Jahreshauptversammlung 2015 - RuF Hexbachtal e.V.","isPartOf":{"@id":"https:\/\/luggenetwork.de\/lugge2\/#website"},"primaryImageOfPage":{"@id":"https:\/\/luggenetwork.de\/lugge2\/jahreshauptversammlung-2015\/#primaryimage"},"image":{"@id":"https:\/\/luggenetwork.de\/lugge2\/jahreshauptversammlung-2015\/#primaryimage"},"thumbnailUrl":"https:\/\/www.reitstall-lugge.de\/wp-content\/uploads\/2013\/10\/Ruf_Logo-266x300.jpg","datePublished":"2015-02-23T14:44:34+00:00","dateModified":"2015-02-23T15:00:23+00:00","author":{"@id":"https:\/\/luggenetwork.de\/lugge2\/#\/schema\/person\/bd9647e3ea0c0b902bfb696012629635"},"description":"Einladung zur Mitgliederhauptversammlung am Sonntag 08.03.2015 um 12:00 Uhr in der Kantine des Reitstall Lugge, G\u00e4nseweg 80, 45475 M\u00fclheim\/Ruhr","breadcrumb":{"@id":"https:\/\/luggenetwork.de\/lugge2\/jahreshauptversammlung-2015\/#breadcrumb"},"inLanguage":"de","potentialAction":[{"@type":"ReadAction","target":["https:\/\/luggenetwork.de\/lugge2\/jahreshauptversammlung-2015\/"]}]},{"@type":"ImageObject","inLanguage":"de","@id":"https:\/\/luggenetwork.de\/lugge2\/jahreshauptversammlung-2015\/#primaryimage","url":"https:\/\/www.reitstall-lugge.de\/wp-content\/uploads\/2013\/10\/Ruf_Logo-266x300.jpg","contentUrl":"https:\/\/www.reitstall-lugge.de\/wp-content\/uploads\/2013\/10\/Ruf_Logo-266x300.jpg"},{"@type":"BreadcrumbList","@id":"https:\/\/luggenetwork.de\/lugge2\/jahreshauptversammlung-2015\/#breadcrumb","itemListElement":[{"@type":"ListItem","position":1,"name":"Startseite","item":"https:\/\/luggenetwork.de\/lugge2\/"},{"@type":"ListItem","position":2,"name":"Jahreshauptversammlung 2015"}]},{"@type":"WebSite","@id":"https:\/\/luggenetwork.de\/lugge2\/#website","url":"https:\/\/luggenetwork.de\/lugge2\/","name":"Reitstall Lugge","description":"M\u00fclheim-D\u00fcmpten","potentialAction":[{"@type":"SearchAction","target":{"@type":"EntryPoint","urlTemplate":"https:\/\/luggenetwork.de\/lugge2\/?s={search_term_string}"},"query-input":{"@type":"PropertyValueSpecification","valueRequired":true,"valueName":"search_term_string"}}],"inLanguage":"de"},{"@type":"Person","@id":"https:\/\/luggenetwork.de\/lugge2\/#\/schema\/person\/bd9647e3ea0c0b902bfb696012629635","name":"lisaadmin","image":{"@type":"ImageObject","inLanguage":"de","@id":"https:\/\/secure.gravatar.com\/avatar\/499f8e293a93c1e496fd32c165ec4c2dd37efe1d943adc7bd7116d6daf490278?s=96&r=g","url":"https:\/\/secure.gravatar.com\/avatar\/499f8e293a93c1e496fd32c165ec4c2dd37efe1d943adc7bd7116d6daf490278?s=96&r=g","contentUrl":"https:\/\/secure.gravatar.com\/avatar\/499f8e293a93c1e496fd32c165ec4c2dd37efe1d943adc7bd7116d6daf490278?s=96&r=g","caption":"lisaadmin"},"sameAs":["http:\/\/luggenetwork.de"],"url":"https:\/\/luggenetwork.de\/lugge2\/author\/lisaadmin\/"}]}},"_links":{"self":[{"href":"https:\/\/luggenetwork.de\/lugge2\/wp-json\/wp\/v2\/posts\/2847","targetHints":{"allow":["GET"]}}],"collection":[{"href":"https:\/\/luggenetwork.de\/lugge2\/wp-json\/wp\/v2\/posts"}],"about":[{"href":"https:\/\/luggenetwork.de\/lugge2\/wp-json\/wp\/v2\/types\/post"}],"author":[{"embeddable":true,"href":"https:\/\/luggenetwork.de\/lugge2\/wp-json\/wp\/v2\/users\/1"}],"replies":[{"embeddable":true,"href":"https:\/\/luggenetwork.de\/lugge2\/wp-json\/wp\/v2\/comments?post=2847"}],"version-history":[{"count":0,"href":"https:\/\/luggenetwork.de\/lugge2\/wp-json\/wp\/v2\/posts\/2847\/revisions"}],"wp:attachment":[{"href":"https:\/\/luggenetwork.de\/lugge2\/wp-json\/wp\/v2\/media?parent=2847"}],"wp:term":[{"taxonomy":"category","embeddable":true,"href":"https:\/\/luggenetwork.de\/lugge2\/wp-json\/wp\/v2\/categories?post=2847"},{"taxonomy":"post_tag","embeddable":true,"href":"https:\/\/luggenetwork.de\/lugge2\/wp-json\/wp\/v2\/tags?post=2847"}],"curies":[{"name":"wp","href":"https:\/\/api.w.org\/{rel}","templated":true}]}}