{"id":2239,"date":"2014-08-30T18:51:43","date_gmt":"2014-08-30T16:51:43","guid":{"rendered":"https:\/\/www.reitstall-lugge.de\/?p=2239"},"modified":"2014-08-30T18:51:43","modified_gmt":"2014-08-30T16:51:43","slug":"unsere-ice-bucket-helden","status":"publish","type":"post","link":"https:\/\/luggenetwork.de\/lugge2\/unsere-ice-bucket-helden\/","title":{"rendered":"Unsere Ice Bucket Helden"},"content":{"rendered":"<h3><a href=\"https:\/\/www.reitstall-lugge.de\/wp-content\/uploads\/2014\/08\/Bildschirmfoto-2014-08-30-um-18.12.53.png\"><img loading=\"lazy\" decoding=\"async\" class=\"alignleft size-medium wp-image-2241\" style=\"margin-left: 0px; margin-right: 25px;\" src=\"https:\/\/www.reitstall-lugge.de\/wp-content\/uploads\/2014\/08\/Bildschirmfoto-2014-08-30-um-18.12.53-300x168.png\" alt=\"Unsere eiskalten Helden\" width=\"300\" height=\"168\" srcset=\"https:\/\/luggenetwork.de\/lugge2\/wp-content\/uploads\/sites\/3\/2014\/08\/Bildschirmfoto-2014-08-30-um-18.12.53-300x168.png 300w, https:\/\/luggenetwork.de\/lugge2\/wp-content\/uploads\/sites\/3\/2014\/08\/Bildschirmfoto-2014-08-30-um-18.12.53.png 638w\" sizes=\"auto, (max-width: 300px) 100vw, 300px\" \/><\/a>Die Ice Bucket Challenge l\u00e4uft seit einiger Zeit als Welle durch das Internet.<\/h3>\n<p>Worum es geht? Kurz gesagt um Menschen, die sich f\u00fcr einen guten Zweck einen K\u00fcbel mit Eiswasser \u00fcber den Kopf sch\u00fctten. Jeder Teilnehmer darf dabei selbst drei neue Kandidaten nominieren, die dann selbst wieder weitere &#8222;Neulinge&#8220; benennen. Wer es nicht in der vorgegebenen Zeit schafft gen\u00fcgend Eisw\u00fcrfel zu besorgen und das Ganze zu dokumentieren, wird gebeten, f\u00fcr die <a href=\"http:\/\/www.alsa.org\/\" target=\"_blank\">Forschung gegen ALS<\/a> zu spenden.<\/p>\n<p>Das Ganze ist also ein rasant wachsendes Schneeballsystem, das dem guten Zweck ganz sicher Geld einspielt.<\/p>\n<h4>Auch ein paar Leute des Stalls konnten dem nicht entgehen: Die Nominierten waren Marvin Steffen, Thomas Koch und Hans Lugge.<\/h4>\n<p>Allerdings haben wir am Stall den guten Zweck ein wenig abge\u00e4ndert. Hier am Stall denkt man regional. So wichtig der Kampf gegen ALS sein mag, so darf man nicht vergessen, dass es hier in der Region eine Menge Menschen gibt, denen auch kleine Beitr\u00e4ge weiter helfen.<\/p>\n<p>Wie haben uns daher entschlossen, unsere Spenden an die <a href=\"http:\/\/www.krebskranke-kinder-essen.de\/\" target=\"_blank\">Essener Elterninitiative zur Unterst\u00fctzung krebskranker Kinder e.V.<\/a> zu geben.<\/p>\n<p>Unsere drei Eisw\u00fcrfelhelden haben sich bereit erkl\u00e4rt auch zu spenden, obwohl Sie die Challenge bestanden haben!<\/p>\n<div style=\"width: 640px;\" class=\"wp-video\"><video class=\"wp-video-shortcode\" id=\"video-2239-1\" width=\"640\" height=\"360\" preload=\"metadata\" controls=\"controls\"><source type=\"video\/x-flv\" src=\"https:\/\/www.reitstall-lugge.de\/wp-content\/uploads\/2014\/08\/VID-20140830-WA0000.flv?_=1\" \/><a href=\"https:\/\/www.reitstall-lugge.de\/wp-content\/uploads\/2014\/08\/VID-20140830-WA0000.flv\">https:\/\/www.reitstall-lugge.de\/wp-content\/uploads\/2014\/08\/VID-20140830-WA0000.flv<\/a><\/video><\/div>\n<h4>Wer auch ohne Nominierung spenden m\u00f6chte, ist herzlich eingeladen.<\/h4>\n<p><span style=\"font-family: verdana,geneva; font-size: small;\"><strong>Spendenkonto der Elterninitiative:<br \/>\n<\/strong><\/span><span style=\"font-family: verdana,geneva; font-size: small;\"><strong>IBAN\u00a0 DE06 3605 0105 0001 9551 11<br \/>\nBIC\u00a0 SPESDE3EXXX Sparkasse Essen<\/strong><\/span><\/p>\n<p><a href=\"http:\/\/www.krebskranke-kinder-essen.de\/Spenden\/59_de_Spenden+und+Helfen.html\" target=\"_blank\">Mehr Informationen<\/a> findet man hier.<\/p>\n","protected":false},"excerpt":{"rendered":"<p>Die Ice Bucket Challenge l\u00e4uft seit einiger Zeit als Welle durch das Internet. Worum es geht? Kurz gesagt um Menschen, die sich f\u00fcr einen guten Zweck einen K\u00fcbel mit Eiswasser \u00fcber den Kopf sch\u00fctten. Jeder Teilnehmer darf dabei selbst drei neue Kandidaten nominieren, die dann selbst wieder weitere &#8222;Neulinge&#8220; benennen. Wer es nicht in der [&hellip;]<\/p>\n","protected":false},"author":1,"featured_media":0,"comment_status":"closed","ping_status":"closed","sticky":false,"template":"","format":"standard","meta":{"inline_featured_image":false,"ngg_post_thumbnail":0,"footnotes":""},"categories":[52],"tags":[],"class_list":["post-2239","post","type-post","status-publish","format-standard","hentry","category-aktuelles","post-preview"],"yoast_head":"<!-- This site is optimized with the Yoast SEO plugin v27.5 - https:\/\/yoast.com\/product\/yoast-seo-wordpress\/ -->\n<title>Unsere Ice Bucket Helden - RuF Hexbachtal<\/title>\n<meta name=\"description\" content=\"Auch ein paar Leute des Stalls konnten der Ice Bucket Challenge nicht entgehen: Die Nominierten waren Marvin Steffen, Thomas Koch und Hans Lugge.\" \/>\n<meta name=\"robots\" content=\"index, follow, max-snippet:-1, max-image-preview:large, max-video-preview:-1\" \/>\n<link rel=\"canonical\" href=\"https:\/\/luggenetwork.de\/lugge2\/unsere-ice-bucket-helden\/\" \/>\n<meta property=\"og:locale\" content=\"de_DE\" \/>\n<meta property=\"og:type\" content=\"article\" \/>\n<meta property=\"og:title\" content=\"Unsere Ice Bucket Helden - RuF Hexbachtal\" \/>\n<meta property=\"og:description\" content=\"Auch ein paar Leute des Stalls konnten der Ice Bucket Challenge nicht entgehen: Die Nominierten waren Marvin Steffen, Thomas Koch und Hans Lugge.\" \/>\n<meta property=\"og:url\" content=\"https:\/\/luggenetwork.de\/lugge2\/unsere-ice-bucket-helden\/\" \/>\n<meta property=\"og:site_name\" content=\"Reitstall Lugge\" \/>\n<meta property=\"article:published_time\" content=\"2014-08-30T16:51:43+00:00\" \/>\n<meta property=\"og:image\" content=\"https:\/\/www.reitstall-lugge.de\/wp-content\/uploads\/2014\/08\/Bildschirmfoto-2014-08-30-um-18.12.53-300x168.png\" \/>\n<meta name=\"author\" content=\"lisaadmin\" \/>\n<meta name=\"twitter:card\" content=\"summary_large_image\" \/>\n<meta name=\"twitter:label1\" content=\"Verfasst von\" \/>\n\t<meta name=\"twitter:data1\" content=\"lisaadmin\" \/>\n\t<meta name=\"twitter:label2\" content=\"Gesch\u00e4tzte Lesezeit\" \/>\n\t<meta name=\"twitter:data2\" content=\"1\u00a0Minute\" \/>\n<script type=\"application\/ld+json\" class=\"yoast-schema-graph\">{\"@context\":\"https:\\\/\\\/schema.org\",\"@graph\":[{\"@type\":\"Article\",\"@id\":\"https:\\\/\\\/luggenetwork.de\\\/lugge2\\\/unsere-ice-bucket-helden\\\/#article\",\"isPartOf\":{\"@id\":\"https:\\\/\\\/luggenetwork.de\\\/lugge2\\\/unsere-ice-bucket-helden\\\/\"},\"author\":{\"name\":\"lisaadmin\",\"@id\":\"https:\\\/\\\/luggenetwork.de\\\/lugge2\\\/#\\\/schema\\\/person\\\/bd9647e3ea0c0b902bfb696012629635\"},\"headline\":\"Unsere Ice Bucket Helden\",\"datePublished\":\"2014-08-30T16:51:43+00:00\",\"mainEntityOfPage\":{\"@id\":\"https:\\\/\\\/luggenetwork.de\\\/lugge2\\\/unsere-ice-bucket-helden\\\/\"},\"wordCount\":248,\"image\":{\"@id\":\"https:\\\/\\\/luggenetwork.de\\\/lugge2\\\/unsere-ice-bucket-helden\\\/#primaryimage\"},\"thumbnailUrl\":\"https:\\\/\\\/www.reitstall-lugge.de\\\/wp-content\\\/uploads\\\/2014\\\/08\\\/Bildschirmfoto-2014-08-30-um-18.12.53-300x168.png\",\"articleSection\":[\"Aktuelles\"],\"inLanguage\":\"de\"},{\"@type\":\"WebPage\",\"@id\":\"https:\\\/\\\/luggenetwork.de\\\/lugge2\\\/unsere-ice-bucket-helden\\\/\",\"url\":\"https:\\\/\\\/luggenetwork.de\\\/lugge2\\\/unsere-ice-bucket-helden\\\/\",\"name\":\"Unsere Ice Bucket Helden - RuF Hexbachtal\",\"isPartOf\":{\"@id\":\"https:\\\/\\\/luggenetwork.de\\\/lugge2\\\/#website\"},\"primaryImageOfPage\":{\"@id\":\"https:\\\/\\\/luggenetwork.de\\\/lugge2\\\/unsere-ice-bucket-helden\\\/#primaryimage\"},\"image\":{\"@id\":\"https:\\\/\\\/luggenetwork.de\\\/lugge2\\\/unsere-ice-bucket-helden\\\/#primaryimage\"},\"thumbnailUrl\":\"https:\\\/\\\/www.reitstall-lugge.de\\\/wp-content\\\/uploads\\\/2014\\\/08\\\/Bildschirmfoto-2014-08-30-um-18.12.53-300x168.png\",\"datePublished\":\"2014-08-30T16:51:43+00:00\",\"author\":{\"@id\":\"https:\\\/\\\/luggenetwork.de\\\/lugge2\\\/#\\\/schema\\\/person\\\/bd9647e3ea0c0b902bfb696012629635\"},\"description\":\"Auch ein paar Leute des Stalls konnten der Ice Bucket Challenge nicht entgehen: Die Nominierten waren Marvin Steffen, Thomas Koch und Hans Lugge.\",\"breadcrumb\":{\"@id\":\"https:\\\/\\\/luggenetwork.de\\\/lugge2\\\/unsere-ice-bucket-helden\\\/#breadcrumb\"},\"inLanguage\":\"de\",\"potentialAction\":[{\"@type\":\"ReadAction\",\"target\":[\"https:\\\/\\\/luggenetwork.de\\\/lugge2\\\/unsere-ice-bucket-helden\\\/\"]}]},{\"@type\":\"ImageObject\",\"inLanguage\":\"de\",\"@id\":\"https:\\\/\\\/luggenetwork.de\\\/lugge2\\\/unsere-ice-bucket-helden\\\/#primaryimage\",\"url\":\"https:\\\/\\\/www.reitstall-lugge.de\\\/wp-content\\\/uploads\\\/2014\\\/08\\\/Bildschirmfoto-2014-08-30-um-18.12.53-300x168.png\",\"contentUrl\":\"https:\\\/\\\/www.reitstall-lugge.de\\\/wp-content\\\/uploads\\\/2014\\\/08\\\/Bildschirmfoto-2014-08-30-um-18.12.53-300x168.png\"},{\"@type\":\"BreadcrumbList\",\"@id\":\"https:\\\/\\\/luggenetwork.de\\\/lugge2\\\/unsere-ice-bucket-helden\\\/#breadcrumb\",\"itemListElement\":[{\"@type\":\"ListItem\",\"position\":1,\"name\":\"Startseite\",\"item\":\"https:\\\/\\\/luggenetwork.de\\\/lugge2\\\/\"},{\"@type\":\"ListItem\",\"position\":2,\"name\":\"Unsere Ice Bucket Helden\"}]},{\"@type\":\"WebSite\",\"@id\":\"https:\\\/\\\/luggenetwork.de\\\/lugge2\\\/#website\",\"url\":\"https:\\\/\\\/luggenetwork.de\\\/lugge2\\\/\",\"name\":\"Reitstall Lugge\",\"description\":\"M\u00fclheim-D\u00fcmpten\",\"potentialAction\":[{\"@type\":\"SearchAction\",\"target\":{\"@type\":\"EntryPoint\",\"urlTemplate\":\"https:\\\/\\\/luggenetwork.de\\\/lugge2\\\/?s={search_term_string}\"},\"query-input\":{\"@type\":\"PropertyValueSpecification\",\"valueRequired\":true,\"valueName\":\"search_term_string\"}}],\"inLanguage\":\"de\"},{\"@type\":\"Person\",\"@id\":\"https:\\\/\\\/luggenetwork.de\\\/lugge2\\\/#\\\/schema\\\/person\\\/bd9647e3ea0c0b902bfb696012629635\",\"name\":\"lisaadmin\",\"image\":{\"@type\":\"ImageObject\",\"inLanguage\":\"de\",\"@id\":\"https:\\\/\\\/secure.gravatar.com\\\/avatar\\\/499f8e293a93c1e496fd32c165ec4c2dd37efe1d943adc7bd7116d6daf490278?s=96&r=g\",\"url\":\"https:\\\/\\\/secure.gravatar.com\\\/avatar\\\/499f8e293a93c1e496fd32c165ec4c2dd37efe1d943adc7bd7116d6daf490278?s=96&r=g\",\"contentUrl\":\"https:\\\/\\\/secure.gravatar.com\\\/avatar\\\/499f8e293a93c1e496fd32c165ec4c2dd37efe1d943adc7bd7116d6daf490278?s=96&r=g\",\"caption\":\"lisaadmin\"},\"sameAs\":[\"http:\\\/\\\/luggenetwork.de\"],\"url\":\"https:\\\/\\\/luggenetwork.de\\\/lugge2\\\/author\\\/lisaadmin\\\/\"}]}<\/script>\n<!-- \/ Yoast SEO plugin. -->","yoast_head_json":{"title":"Unsere Ice Bucket Helden - RuF Hexbachtal","description":"Auch ein paar Leute des Stalls konnten der Ice Bucket Challenge nicht entgehen: Die Nominierten waren Marvin Steffen, Thomas Koch und Hans Lugge.","robots":{"index":"index","follow":"follow","max-snippet":"max-snippet:-1","max-image-preview":"max-image-preview:large","max-video-preview":"max-video-preview:-1"},"canonical":"https:\/\/luggenetwork.de\/lugge2\/unsere-ice-bucket-helden\/","og_locale":"de_DE","og_type":"article","og_title":"Unsere Ice Bucket Helden - RuF Hexbachtal","og_description":"Auch ein paar Leute des Stalls konnten der Ice Bucket Challenge nicht entgehen: Die Nominierten waren Marvin Steffen, Thomas Koch und Hans Lugge.","og_url":"https:\/\/luggenetwork.de\/lugge2\/unsere-ice-bucket-helden\/","og_site_name":"Reitstall Lugge","article_published_time":"2014-08-30T16:51:43+00:00","og_image":[{"url":"https:\/\/www.reitstall-lugge.de\/wp-content\/uploads\/2014\/08\/Bildschirmfoto-2014-08-30-um-18.12.53-300x168.png","type":"","width":"","height":""}],"author":"lisaadmin","twitter_card":"summary_large_image","twitter_misc":{"Verfasst von":"lisaadmin","Gesch\u00e4tzte Lesezeit":"1\u00a0Minute"},"schema":{"@context":"https:\/\/schema.org","@graph":[{"@type":"Article","@id":"https:\/\/luggenetwork.de\/lugge2\/unsere-ice-bucket-helden\/#article","isPartOf":{"@id":"https:\/\/luggenetwork.de\/lugge2\/unsere-ice-bucket-helden\/"},"author":{"name":"lisaadmin","@id":"https:\/\/luggenetwork.de\/lugge2\/#\/schema\/person\/bd9647e3ea0c0b902bfb696012629635"},"headline":"Unsere Ice Bucket Helden","datePublished":"2014-08-30T16:51:43+00:00","mainEntityOfPage":{"@id":"https:\/\/luggenetwork.de\/lugge2\/unsere-ice-bucket-helden\/"},"wordCount":248,"image":{"@id":"https:\/\/luggenetwork.de\/lugge2\/unsere-ice-bucket-helden\/#primaryimage"},"thumbnailUrl":"https:\/\/www.reitstall-lugge.de\/wp-content\/uploads\/2014\/08\/Bildschirmfoto-2014-08-30-um-18.12.53-300x168.png","articleSection":["Aktuelles"],"inLanguage":"de"},{"@type":"WebPage","@id":"https:\/\/luggenetwork.de\/lugge2\/unsere-ice-bucket-helden\/","url":"https:\/\/luggenetwork.de\/lugge2\/unsere-ice-bucket-helden\/","name":"Unsere Ice Bucket Helden - RuF Hexbachtal","isPartOf":{"@id":"https:\/\/luggenetwork.de\/lugge2\/#website"},"primaryImageOfPage":{"@id":"https:\/\/luggenetwork.de\/lugge2\/unsere-ice-bucket-helden\/#primaryimage"},"image":{"@id":"https:\/\/luggenetwork.de\/lugge2\/unsere-ice-bucket-helden\/#primaryimage"},"thumbnailUrl":"https:\/\/www.reitstall-lugge.de\/wp-content\/uploads\/2014\/08\/Bildschirmfoto-2014-08-30-um-18.12.53-300x168.png","datePublished":"2014-08-30T16:51:43+00:00","author":{"@id":"https:\/\/luggenetwork.de\/lugge2\/#\/schema\/person\/bd9647e3ea0c0b902bfb696012629635"},"description":"Auch ein paar Leute des Stalls konnten der Ice Bucket Challenge nicht entgehen: Die Nominierten waren Marvin Steffen, Thomas Koch und Hans Lugge.","breadcrumb":{"@id":"https:\/\/luggenetwork.de\/lugge2\/unsere-ice-bucket-helden\/#breadcrumb"},"inLanguage":"de","potentialAction":[{"@type":"ReadAction","target":["https:\/\/luggenetwork.de\/lugge2\/unsere-ice-bucket-helden\/"]}]},{"@type":"ImageObject","inLanguage":"de","@id":"https:\/\/luggenetwork.de\/lugge2\/unsere-ice-bucket-helden\/#primaryimage","url":"https:\/\/www.reitstall-lugge.de\/wp-content\/uploads\/2014\/08\/Bildschirmfoto-2014-08-30-um-18.12.53-300x168.png","contentUrl":"https:\/\/www.reitstall-lugge.de\/wp-content\/uploads\/2014\/08\/Bildschirmfoto-2014-08-30-um-18.12.53-300x168.png"},{"@type":"BreadcrumbList","@id":"https:\/\/luggenetwork.de\/lugge2\/unsere-ice-bucket-helden\/#breadcrumb","itemListElement":[{"@type":"ListItem","position":1,"name":"Startseite","item":"https:\/\/luggenetwork.de\/lugge2\/"},{"@type":"ListItem","position":2,"name":"Unsere Ice Bucket Helden"}]},{"@type":"WebSite","@id":"https:\/\/luggenetwork.de\/lugge2\/#website","url":"https:\/\/luggenetwork.de\/lugge2\/","name":"Reitstall Lugge","description":"M\u00fclheim-D\u00fcmpten","potentialAction":[{"@type":"SearchAction","target":{"@type":"EntryPoint","urlTemplate":"https:\/\/luggenetwork.de\/lugge2\/?s={search_term_string}"},"query-input":{"@type":"PropertyValueSpecification","valueRequired":true,"valueName":"search_term_string"}}],"inLanguage":"de"},{"@type":"Person","@id":"https:\/\/luggenetwork.de\/lugge2\/#\/schema\/person\/bd9647e3ea0c0b902bfb696012629635","name":"lisaadmin","image":{"@type":"ImageObject","inLanguage":"de","@id":"https:\/\/secure.gravatar.com\/avatar\/499f8e293a93c1e496fd32c165ec4c2dd37efe1d943adc7bd7116d6daf490278?s=96&r=g","url":"https:\/\/secure.gravatar.com\/avatar\/499f8e293a93c1e496fd32c165ec4c2dd37efe1d943adc7bd7116d6daf490278?s=96&r=g","contentUrl":"https:\/\/secure.gravatar.com\/avatar\/499f8e293a93c1e496fd32c165ec4c2dd37efe1d943adc7bd7116d6daf490278?s=96&r=g","caption":"lisaadmin"},"sameAs":["http:\/\/luggenetwork.de"],"url":"https:\/\/luggenetwork.de\/lugge2\/author\/lisaadmin\/"}]}},"_links":{"self":[{"href":"https:\/\/luggenetwork.de\/lugge2\/wp-json\/wp\/v2\/posts\/2239","targetHints":{"allow":["GET"]}}],"collection":[{"href":"https:\/\/luggenetwork.de\/lugge2\/wp-json\/wp\/v2\/posts"}],"about":[{"href":"https:\/\/luggenetwork.de\/lugge2\/wp-json\/wp\/v2\/types\/post"}],"author":[{"embeddable":true,"href":"https:\/\/luggenetwork.de\/lugge2\/wp-json\/wp\/v2\/users\/1"}],"replies":[{"embeddable":true,"href":"https:\/\/luggenetwork.de\/lugge2\/wp-json\/wp\/v2\/comments?post=2239"}],"version-history":[{"count":0,"href":"https:\/\/luggenetwork.de\/lugge2\/wp-json\/wp\/v2\/posts\/2239\/revisions"}],"wp:attachment":[{"href":"https:\/\/luggenetwork.de\/lugge2\/wp-json\/wp\/v2\/media?parent=2239"}],"wp:term":[{"taxonomy":"category","embeddable":true,"href":"https:\/\/luggenetwork.de\/lugge2\/wp-json\/wp\/v2\/categories?post=2239"},{"taxonomy":"post_tag","embeddable":true,"href":"https:\/\/luggenetwork.de\/lugge2\/wp-json\/wp\/v2\/tags?post=2239"}],"curies":[{"name":"wp","href":"https:\/\/api.w.org\/{rel}","templated":true}]}}